{"id":7740,"date":"2022-03-29T16:09:00","date_gmt":"2022-03-29T19:09:00","guid":{"rendered":"https:\/\/revistahubclub.com.br\/portal\/?p=7740"},"modified":"2024-12-20T16:09:37","modified_gmt":"2024-12-20T19:09:37","slug":"femec-2022-movimenta-mais-de-r1-bilhao-em-negocios","status":"publish","type":"post","link":"https:\/\/revistahubclub.com.br\/portal\/2022\/03\/29\/femec-2022-movimenta-mais-de-r1-bilhao-em-negocios\/","title":{"rendered":"Femec 2022 movimenta mais de R$1 bilh\u00e3o em neg\u00f3cios"},"content":{"rendered":"\n<p id=\"viewer-foo\"><em>A feira movimentou setores da cidade de Uberl\u00e2ndia e registrou cerca de 70 mil visitantes no evento.<\/em><\/p>\n\n\n\n<p id=\"viewer-ak85a\"><em>Foto: Prefeitura de Uberl\u00e2ndia<\/em><\/p>\n\n\n\n<p id=\"viewer-20uui\">A 9\u00aa edi\u00e7\u00e3o da Feira do Agroneg\u00f3cio Mineiro (Femec) aconteceu em Uberl\u00e2ndia e reuniu mais de 70 mil pessoas no Parque de Exposi\u00e7\u00e3o Camaru. 2015 expositores participaram da feira que movimentou mais de R$1 bilh\u00e3o em neg\u00f3cios, al\u00e9m de gerar entre 4 e 5 mil empregos de forma direta e indiretamente.<\/p>\n\n\n\n<p id=\"viewer-297tc\">Segundo a associa\u00e7\u00e3o Visite Uberl\u00e2ndia, entidade sem fins lucrativos que atua na gera\u00e7\u00e3o de eventos, a feira contribuiu para a economia da cidade movimentando 67 setores da cidade, como hot\u00e9is, restaurantes, montadoras, empresas de comunica\u00e7\u00e3o, seguran\u00e7a e entre outros que foram prejudicados durante a pandemia. A institui\u00e7\u00e3o afirma que os hot\u00e9is da cidade registraram lota\u00e7\u00e3o m\u00e1xima nos dias de pico do evento e teve em m\u00e9dia 90% de ocupa\u00e7\u00e3o nos dias do evento.<\/p>\n\n\n\n<p id=\"viewer-82rsi\"><em>Fonte: Di\u00e1rio de Uberl\u00e2ndia<\/em><\/p>\n","protected":false},"excerpt":{"rendered":"<p>A feira movimentou setores da cidade de Uberl\u00e2ndia e registrou cerca de 70 mil visitantes no evento. Foto: Prefeitura de Uberl\u00e2ndia A 9\u00aa edi\u00e7\u00e3o da Feira do Agroneg\u00f3cio Mineiro (Femec)<\/p>\n","protected":false},"author":1,"featured_media":7741,"comment_status":"open","ping_status":"open","sticky":false,"template":"","format":"standard","meta":{"footnotes":""},"categories":[1],"tags":[],"class_list":["post-7740","post","type-post","status-publish","format-standard","has-post-thumbnail","hentry","category-noticias"],"_links":{"self":[{"href":"https:\/\/revistahubclub.com.br\/portal\/wp-json\/wp\/v2\/posts\/7740","targetHints":{"allow":["GET"]}}],"collection":[{"href":"https:\/\/revistahubclub.com.br\/portal\/wp-json\/wp\/v2\/posts"}],"about":[{"href":"https:\/\/revistahubclub.com.br\/portal\/wp-json\/wp\/v2\/types\/post"}],"author":[{"embeddable":true,"href":"https:\/\/revistahubclub.com.br\/portal\/wp-json\/wp\/v2\/users\/1"}],"replies":[{"embeddable":true,"href":"https:\/\/revistahubclub.com.br\/portal\/wp-json\/wp\/v2\/comments?post=7740"}],"version-history":[{"count":1,"href":"https:\/\/revistahubclub.com.br\/portal\/wp-json\/wp\/v2\/posts\/7740\/revisions"}],"predecessor-version":[{"id":7742,"href":"https:\/\/revistahubclub.com.br\/portal\/wp-json\/wp\/v2\/posts\/7740\/revisions\/7742"}],"wp:featuredmedia":[{"embeddable":true,"href":"https:\/\/revistahubclub.com.br\/portal\/wp-json\/wp\/v2\/media\/7741"}],"wp:attachment":[{"href":"https:\/\/revistahubclub.com.br\/portal\/wp-json\/wp\/v2\/media?parent=7740"}],"wp:term":[{"taxonomy":"category","embeddable":true,"href":"https:\/\/revistahubclub.com.br\/portal\/wp-json\/wp\/v2\/categories?post=7740"},{"taxonomy":"post_tag","embeddable":true,"href":"https:\/\/revistahubclub.com.br\/portal\/wp-json\/wp\/v2\/tags?post=7740"}],"curies":[{"name":"wp","href":"https:\/\/api.w.org\/{rel}","templated":true}]}}