{"id":7743,"date":"2022-03-29T16:09:00","date_gmt":"2022-03-29T19:09:00","guid":{"rendered":"https:\/\/revistahubclub.com.br\/portal\/?p=7743"},"modified":"2024-12-20T16:10:06","modified_gmt":"2024-12-20T19:10:06","slug":"uberlandia-retira-obrigatoriedade-do-uso-de-mascaras-em-locais-fechados","status":"publish","type":"post","link":"https:\/\/revistahubclub.com.br\/portal\/2022\/03\/29\/uberlandia-retira-obrigatoriedade-do-uso-de-mascaras-em-locais-fechados\/","title":{"rendered":"Uberl\u00e2ndia retira obrigatoriedade do uso de m\u00e1scaras em locais fechados"},"content":{"rendered":"\n<p id=\"viewer-foo\"><em>O equipamento \u00e9 obrigat\u00f3rio apenas em unidades de sa\u00fade. A medida passa a valer a partir de hoje.<\/em><\/p>\n\n\n\n<p id=\"viewer-5fqcp\"><em>Foto: Freepik.com<\/em><\/p>\n\n\n\n<p id=\"viewer-5av8m\">A Prefeitura de Uberl\u00e2ndia anunciou por meio do Comit\u00ea Municipal de Enfrentamento \u00e0 Covid-19 a delibera\u00e7\u00e3o que desobriga o uso de m\u00e1scaras protetoras em ambientes fechados a partir desta ter\u00e7a-feira(29). Al\u00e9m disso, o an\u00fancio libera os estabelecimentos para funcionarem sem medidas restritivas de hor\u00e1rio de funcionamento.<\/p>\n\n\n\n<p id=\"viewer-dcm6g\">O equipamento continua sendo obrigat\u00f3rio em unidades de sa\u00fade e \u00e9 recomendado para idosos maiores de 70 anos, imunossuprimidos, pessoas com sintomas gripas e tamb\u00e9m em transportes p\u00fablicos e durante o manuseio de alimentos.<\/p>\n\n\n\n<p id=\"viewer-1hmjm\"><em>Fonte: Di\u00e1rio de Uberl\u00e2ndia<\/em><\/p>\n","protected":false},"excerpt":{"rendered":"<p>O equipamento \u00e9 obrigat\u00f3rio apenas em unidades de sa\u00fade. A medida passa a valer a partir de hoje. Foto: Freepik.com A Prefeitura de Uberl\u00e2ndia anunciou por meio do Comit\u00ea Municipal<\/p>\n","protected":false},"author":1,"featured_media":7744,"comment_status":"open","ping_status":"open","sticky":false,"template":"","format":"standard","meta":{"footnotes":""},"categories":[1],"tags":[],"class_list":["post-7743","post","type-post","status-publish","format-standard","has-post-thumbnail","hentry","category-noticias"],"_links":{"self":[{"href":"https:\/\/revistahubclub.com.br\/portal\/wp-json\/wp\/v2\/posts\/7743","targetHints":{"allow":["GET"]}}],"collection":[{"href":"https:\/\/revistahubclub.com.br\/portal\/wp-json\/wp\/v2\/posts"}],"about":[{"href":"https:\/\/revistahubclub.com.br\/portal\/wp-json\/wp\/v2\/types\/post"}],"author":[{"embeddable":true,"href":"https:\/\/revistahubclub.com.br\/portal\/wp-json\/wp\/v2\/users\/1"}],"replies":[{"embeddable":true,"href":"https:\/\/revistahubclub.com.br\/portal\/wp-json\/wp\/v2\/comments?post=7743"}],"version-history":[{"count":1,"href":"https:\/\/revistahubclub.com.br\/portal\/wp-json\/wp\/v2\/posts\/7743\/revisions"}],"predecessor-version":[{"id":7745,"href":"https:\/\/revistahubclub.com.br\/portal\/wp-json\/wp\/v2\/posts\/7743\/revisions\/7745"}],"wp:featuredmedia":[{"embeddable":true,"href":"https:\/\/revistahubclub.com.br\/portal\/wp-json\/wp\/v2\/media\/7744"}],"wp:attachment":[{"href":"https:\/\/revistahubclub.com.br\/portal\/wp-json\/wp\/v2\/media?parent=7743"}],"wp:term":[{"taxonomy":"category","embeddable":true,"href":"https:\/\/revistahubclub.com.br\/portal\/wp-json\/wp\/v2\/categories?post=7743"},{"taxonomy":"post_tag","embeddable":true,"href":"https:\/\/revistahubclub.com.br\/portal\/wp-json\/wp\/v2\/tags?post=7743"}],"curies":[{"name":"wp","href":"https:\/\/api.w.org\/{rel}","templated":true}]}}