{"id":7761,"date":"2022-03-28T16:12:00","date_gmt":"2022-03-28T19:12:00","guid":{"rendered":"https:\/\/revistahubclub.com.br\/portal\/?p=7761"},"modified":"2024-12-20T16:12:34","modified_gmt":"2024-12-20T19:12:34","slug":"pacientes-da-caps-apresentam-espetaculo-em-uberlandia","status":"publish","type":"post","link":"https:\/\/revistahubclub.com.br\/portal\/2022\/03\/28\/pacientes-da-caps-apresentam-espetaculo-em-uberlandia\/","title":{"rendered":"Pacientes da Caps apresentam espet\u00e1culo em Uberl\u00e2ndia"},"content":{"rendered":"\n<p id=\"viewer-foo\"><em>A entrada para o evento \u00e9 gratuita e tem como finalidade construir um novo olhar para as pessoas com transtornos mentais e promover inclus\u00e3o.<\/em><\/p>\n\n\n\n<p id=\"viewer-2hrfa\"><em>Foto: Danilo Henriques | Secretaria de Governo e Comunica\u00e7\u00e3o<\/em><\/p>\n\n\n\n<p id=\"viewer-2d0jf\">O Centro de Conviv\u00eancia e Cultura de Sa\u00fade Mental de Uberl\u00e2ndia completa 14 anos este m\u00eas, em comemora\u00e7\u00e3o, o espa\u00e7o receber\u00e1 o espet\u00e1culo &#8220;Talentosamente: 14 anos de Arte, Cultura e Sa\u00fade Mental&#8221;, no dia 31 de mar\u00e7o das 14h \u00e0s 18h, no Cineteatro Nininha Rocha, no Centro Municipal de Uberl\u00e2ndia. O espet\u00e1culo \u00e9 um projeto de inclus\u00e3o social que integra as atividades do Centro de Aten\u00e7\u00e3o Psicossocial (Caps) desde 2008.<\/p>\n\n\n\n<p id=\"viewer-2ngch\">O evento ser\u00e1 apresentado pelos pacientes por meio de dan\u00e7as, m\u00fasica, teatro e performance de audiovisual, a fim de transmitir a arte com um novo significado, al\u00e9m de exposi\u00e7\u00e3o de suas lutas di\u00e1rias. Aberto ao p\u00fablico, a entrada do evento \u00e9 gratuita e tem como objetivo construir um novo olhar para as pessoas com trastorno mentais graves e proporcionar conhecimento e inclus\u00e3o.<\/p>\n\n\n\n<p id=\"viewer-bgbmp\"><em>Fonte: Di\u00e1rio de Uberl\u00e2ndia<\/em><\/p>\n","protected":false},"excerpt":{"rendered":"<p>A entrada para o evento \u00e9 gratuita e tem como finalidade construir um novo olhar para as pessoas com transtornos mentais e promover inclus\u00e3o. Foto: Danilo Henriques | Secretaria de<\/p>\n","protected":false},"author":1,"featured_media":7762,"comment_status":"open","ping_status":"open","sticky":false,"template":"","format":"standard","meta":{"footnotes":""},"categories":[1],"tags":[],"class_list":["post-7761","post","type-post","status-publish","format-standard","has-post-thumbnail","hentry","category-noticias"],"_links":{"self":[{"href":"https:\/\/revistahubclub.com.br\/portal\/wp-json\/wp\/v2\/posts\/7761","targetHints":{"allow":["GET"]}}],"collection":[{"href":"https:\/\/revistahubclub.com.br\/portal\/wp-json\/wp\/v2\/posts"}],"about":[{"href":"https:\/\/revistahubclub.com.br\/portal\/wp-json\/wp\/v2\/types\/post"}],"author":[{"embeddable":true,"href":"https:\/\/revistahubclub.com.br\/portal\/wp-json\/wp\/v2\/users\/1"}],"replies":[{"embeddable":true,"href":"https:\/\/revistahubclub.com.br\/portal\/wp-json\/wp\/v2\/comments?post=7761"}],"version-history":[{"count":1,"href":"https:\/\/revistahubclub.com.br\/portal\/wp-json\/wp\/v2\/posts\/7761\/revisions"}],"predecessor-version":[{"id":7763,"href":"https:\/\/revistahubclub.com.br\/portal\/wp-json\/wp\/v2\/posts\/7761\/revisions\/7763"}],"wp:featuredmedia":[{"embeddable":true,"href":"https:\/\/revistahubclub.com.br\/portal\/wp-json\/wp\/v2\/media\/7762"}],"wp:attachment":[{"href":"https:\/\/revistahubclub.com.br\/portal\/wp-json\/wp\/v2\/media?parent=7761"}],"wp:term":[{"taxonomy":"category","embeddable":true,"href":"https:\/\/revistahubclub.com.br\/portal\/wp-json\/wp\/v2\/categories?post=7761"},{"taxonomy":"post_tag","embeddable":true,"href":"https:\/\/revistahubclub.com.br\/portal\/wp-json\/wp\/v2\/tags?post=7761"}],"curies":[{"name":"wp","href":"https:\/\/api.w.org\/{rel}","templated":true}]}}