{"id":7773,"date":"2022-03-25T16:13:00","date_gmt":"2022-03-25T19:13:00","guid":{"rendered":"https:\/\/revistahubclub.com.br\/portal\/?p=7773"},"modified":"2024-12-20T16:14:18","modified_gmt":"2024-12-20T19:14:18","slug":"uberlandia-tera-vara-especializada-em-violencia-domestica-contra-mulheres","status":"publish","type":"post","link":"https:\/\/revistahubclub.com.br\/portal\/2022\/03\/25\/uberlandia-tera-vara-especializada-em-violencia-domestica-contra-mulheres\/","title":{"rendered":"Uberl\u00e2ndia ter\u00e1 vara especializada em viol\u00eancia dom\u00e9stica contra mulheres"},"content":{"rendered":"\n<p id=\"viewer-foo\"><em>O \u00f3rg\u00e3o com atua\u00e7\u00e3o preventiva e repressiva come\u00e7a a funcionar a partir do dia 11 de abril.<\/em><\/p>\n\n\n\n<p id=\"viewer-9n40u\"><em>Cr\u00e9ditos: C\u00e2mara Municipal de Uberl\u00e2ndia<\/em><\/p>\n\n\n\n<p id=\"viewer-d3qn6\">A ju\u00edza diretora do Foro da Comanda de Uberl\u00e2ndia, Maria Elisa Taglialegna, anunciou na C\u00e2mara Municipal, que a partir do dia 11 de abril, a cidade ter\u00e1 uma vara especializada em viol\u00eancia dom\u00e9stica contra mulheres. A decis\u00e3o tem como objetivo tornar a cidade mineira refer\u00eancia no atendimento \u00e0s mulheres e avan\u00e7ar nos direitos ao acolhimento humanizado e de qualidade no estado.<\/p>\n\n\n\n<p id=\"viewer-7kmc1\">A vara surgiu de uma solicita\u00e7\u00e3o que chegou a ju\u00edza, vinda de vereadoras de Uberl\u00e2ndia em janeiro deste ano. O documento afirma que a cria\u00e7\u00e3o de mais um \u00f3rg\u00e3o com atua\u00e7\u00e3o preventiva e repressiva &#8220;\u00e9 uma reivindica\u00e7\u00e3o antiga do movimento de mulheres e v\u00e1rias institui\u00e7\u00f5es da cidade&#8221; e que sua realiza\u00e7\u00e3o \u00e9 imprescind\u00edvel para a garantia do direito fundamental ao acesso \u00e0 justi\u00e7a. Assinam o documento as vereadoras: Amanda Gondim (PDT), Cl\u00e1udia Guerra (PDT), Dandara Tonantzin (PT), Gilvan Masferrer (DC), Liza Prado (MDB), Thais Andrade (PV), Gl\u00e1ucia da Sa\u00fade (PSDB) e a ex-vereadora Drika Protetora (Patriota), que faleceu devido a complica\u00e7\u00f5es da covid-19.<\/p>\n\n\n\n<p id=\"viewer-6cn3t\"><em>Fonte: Di\u00e1rio de Uberl\u00e2ndia<\/em><\/p>\n","protected":false},"excerpt":{"rendered":"<p>O \u00f3rg\u00e3o com atua\u00e7\u00e3o preventiva e repressiva come\u00e7a a funcionar a partir do dia 11 de abril. Cr\u00e9ditos: C\u00e2mara Municipal de Uberl\u00e2ndia A ju\u00edza diretora do Foro da Comanda de<\/p>\n","protected":false},"author":1,"featured_media":7774,"comment_status":"open","ping_status":"open","sticky":false,"template":"","format":"standard","meta":{"footnotes":""},"categories":[1],"tags":[],"class_list":["post-7773","post","type-post","status-publish","format-standard","has-post-thumbnail","hentry","category-noticias"],"_links":{"self":[{"href":"https:\/\/revistahubclub.com.br\/portal\/wp-json\/wp\/v2\/posts\/7773","targetHints":{"allow":["GET"]}}],"collection":[{"href":"https:\/\/revistahubclub.com.br\/portal\/wp-json\/wp\/v2\/posts"}],"about":[{"href":"https:\/\/revistahubclub.com.br\/portal\/wp-json\/wp\/v2\/types\/post"}],"author":[{"embeddable":true,"href":"https:\/\/revistahubclub.com.br\/portal\/wp-json\/wp\/v2\/users\/1"}],"replies":[{"embeddable":true,"href":"https:\/\/revistahubclub.com.br\/portal\/wp-json\/wp\/v2\/comments?post=7773"}],"version-history":[{"count":1,"href":"https:\/\/revistahubclub.com.br\/portal\/wp-json\/wp\/v2\/posts\/7773\/revisions"}],"predecessor-version":[{"id":7775,"href":"https:\/\/revistahubclub.com.br\/portal\/wp-json\/wp\/v2\/posts\/7773\/revisions\/7775"}],"wp:featuredmedia":[{"embeddable":true,"href":"https:\/\/revistahubclub.com.br\/portal\/wp-json\/wp\/v2\/media\/7774"}],"wp:attachment":[{"href":"https:\/\/revistahubclub.com.br\/portal\/wp-json\/wp\/v2\/media?parent=7773"}],"wp:term":[{"taxonomy":"category","embeddable":true,"href":"https:\/\/revistahubclub.com.br\/portal\/wp-json\/wp\/v2\/categories?post=7773"},{"taxonomy":"post_tag","embeddable":true,"href":"https:\/\/revistahubclub.com.br\/portal\/wp-json\/wp\/v2\/tags?post=7773"}],"curies":[{"name":"wp","href":"https:\/\/api.w.org\/{rel}","templated":true}]}}