{"id":7779,"date":"2022-03-25T16:14:00","date_gmt":"2022-03-25T19:14:00","guid":{"rendered":"https:\/\/revistahubclub.com.br\/portal\/?p=7779"},"modified":"2024-12-20T16:15:06","modified_gmt":"2024-12-20T19:15:06","slug":"inovacoes-em-tecnologia-assistiva-lancadas-em-uberlandia-pode-ser-marco-no-pais","status":"publish","type":"post","link":"https:\/\/revistahubclub.com.br\/portal\/2022\/03\/25\/inovacoes-em-tecnologia-assistiva-lancadas-em-uberlandia-pode-ser-marco-no-pais\/","title":{"rendered":"Inova\u00e7\u00f5es em tecnologia assistiva lan\u00e7adas em Uberl\u00e2ndia pode ser marco no pa\u00eds"},"content":{"rendered":"\n<p id=\"viewer-foo\"><em>Os produtos lan\u00e7ados abrange \u00e1reas do esporte paral\u00edmpico e a vida cotidiana da pessoa com defici\u00eancia.<\/em><\/p>\n\n\n\n<p id=\"viewer-fgvdj\"><em>Foto: freepik.com<\/em><\/p>\n\n\n\n<p id=\"viewer-bktfi\">Na pr\u00f3xima segunda-feira (28\/3), acontecer\u00e1 em Uberl\u00e2ndia o lan\u00e7amento de produtos de tecnologia assistiva afim de contribuir para a qualidade de vida e inclus\u00e3o social de pessoas com defici\u00eancia (PcD) na cidade e no pa\u00eds. O evento realizado pelo Centro Brasileiro de Refer\u00eancia em Inova\u00e7\u00f5es Tecnol\u00f3gicas para Esportes Paral\u00edmpicos (Cintesp.BR\/UFU), da UFU, pelo Minist\u00e9rio da Ci\u00eancia, Tecnologia e Inova\u00e7\u00f5es (MCTI) e pela Prefeitura Municipal de Uberl\u00e2ndia, ser\u00e1 no Sesi\/Gravat\u00e1s \u00e0s 14h.<\/p>\n\n\n\n<p id=\"viewer-c7sdv\">Os produtos lan\u00e7ados abrangem as \u00e1reas do esporte paral\u00edmpico e tamb\u00e9m a vida di\u00e1ria, como equipamentos que ir\u00e3o fazer parte da 1\u00aa Academia Experimental para Cadeirantes, modelos inovadores de cadeiras de rodas para o alto rendimento, projetadas por metodologias in\u00e9ditas de prescri\u00e7\u00e3o, al\u00e9m de equipamentos e acess\u00f3rios especializados para esportes paral\u00edmpicos nas modalidades do arremesso paral\u00edmpico, atletismo, bocha paral\u00edmpica e nata\u00e7\u00e3o. Al\u00e9m disso, algumas tecnologias ajudam na vida cotidiana das pessoas.<\/p>\n\n\n\n<p id=\"viewer-bkvrq\"><em>Fonte: Cristiane de Paula \/ Cintesp | Portal Comunica UFU<\/em><\/p>\n","protected":false},"excerpt":{"rendered":"<p>Os produtos lan\u00e7ados abrange \u00e1reas do esporte paral\u00edmpico e a vida cotidiana da pessoa com defici\u00eancia. Foto: freepik.com Na pr\u00f3xima segunda-feira (28\/3), acontecer\u00e1 em Uberl\u00e2ndia o lan\u00e7amento de produtos de<\/p>\n","protected":false},"author":1,"featured_media":7780,"comment_status":"open","ping_status":"open","sticky":false,"template":"","format":"standard","meta":{"footnotes":""},"categories":[1],"tags":[],"class_list":["post-7779","post","type-post","status-publish","format-standard","has-post-thumbnail","hentry","category-noticias"],"_links":{"self":[{"href":"https:\/\/revistahubclub.com.br\/portal\/wp-json\/wp\/v2\/posts\/7779","targetHints":{"allow":["GET"]}}],"collection":[{"href":"https:\/\/revistahubclub.com.br\/portal\/wp-json\/wp\/v2\/posts"}],"about":[{"href":"https:\/\/revistahubclub.com.br\/portal\/wp-json\/wp\/v2\/types\/post"}],"author":[{"embeddable":true,"href":"https:\/\/revistahubclub.com.br\/portal\/wp-json\/wp\/v2\/users\/1"}],"replies":[{"embeddable":true,"href":"https:\/\/revistahubclub.com.br\/portal\/wp-json\/wp\/v2\/comments?post=7779"}],"version-history":[{"count":1,"href":"https:\/\/revistahubclub.com.br\/portal\/wp-json\/wp\/v2\/posts\/7779\/revisions"}],"predecessor-version":[{"id":7781,"href":"https:\/\/revistahubclub.com.br\/portal\/wp-json\/wp\/v2\/posts\/7779\/revisions\/7781"}],"wp:featuredmedia":[{"embeddable":true,"href":"https:\/\/revistahubclub.com.br\/portal\/wp-json\/wp\/v2\/media\/7780"}],"wp:attachment":[{"href":"https:\/\/revistahubclub.com.br\/portal\/wp-json\/wp\/v2\/media?parent=7779"}],"wp:term":[{"taxonomy":"category","embeddable":true,"href":"https:\/\/revistahubclub.com.br\/portal\/wp-json\/wp\/v2\/categories?post=7779"},{"taxonomy":"post_tag","embeddable":true,"href":"https:\/\/revistahubclub.com.br\/portal\/wp-json\/wp\/v2\/tags?post=7779"}],"curies":[{"name":"wp","href":"https:\/\/api.w.org\/{rel}","templated":true}]}}