{"id":7800,"date":"2022-03-23T16:17:00","date_gmt":"2022-03-23T19:17:00","guid":{"rendered":"https:\/\/revistahubclub.com.br\/portal\/?p=7800"},"modified":"2024-12-20T16:18:03","modified_gmt":"2024-12-20T19:18:03","slug":"governador-entrega-de-certificados-do-programa-certifica-minas-cafe-na-femec","status":"publish","type":"post","link":"https:\/\/revistahubclub.com.br\/portal\/2022\/03\/23\/governador-entrega-de-certificados-do-programa-certifica-minas-cafe-na-femec\/","title":{"rendered":"Governador entrega de certificados do programa Certifica Minas Caf\u00e9 na Femec"},"content":{"rendered":"\n<p id=\"viewer-foo\"><em>Os selos garantem produ\u00e7\u00e3o de maior qualidade, abrindo novas oportunidades de neg\u00f3cios, foram entregues a 66 produtores de Uberl\u00e2ndia e regi\u00e3o.<\/em><\/p>\n\n\n\n<p id=\"viewer-2r0g3\"><em>Foto: Cristiano Machado\/Imprensa MG<\/em><\/p>\n\n\n\n<p id=\"viewer-bhr94\">No primeiro dia da Feira do Agroneg\u00f3cio Mineiro (Femec 2022), nesta ter\u00e7a-feira (22), o governado Romeu Zema cumpriu agenda no evento e entregou os certificados do programa Cerifica Minas Caf\u00e9 aos produtores da regi\u00e3o. A Femec \u00e9 um dos maiores eventos do estado que divulgam as empresas e marcas que trabalham com produtos do agroneg\u00f3cio na regi\u00e3o.<\/p>\n\n\n\n<p id=\"viewer-a6fhr\">O Certifica Minas Caf\u00e9 \u00e9 o primeiro selo de certifica\u00e7\u00e3o de propriedades cafeeiras no Brasil emitido por uma institui\u00e7\u00e3o governamental. Foram 66 certificados entregados, nos quais os contemplados foram produtores da regi\u00e3o do Tri\u00e2ngulo com safras referentes aos anos de 2021 e 2022. O estado conta com 651 propriedades cafeeiras certificadas, sendo que 209 s\u00e3o agricultores familiares. Ressalta-se tamb\u00e9m que Minas Gerais \u00e9 o maior produtor nacional de caf\u00e9, alcan\u00e7ando, no ano passado, 22,1 milh\u00f5es de sacas, representando pouco mais de 46% da produ\u00e7\u00e3o nacional.<\/p>\n\n\n\n<p id=\"viewer-64qk6\"><em>Fonte: Ag\u00eancia Minas e Portal da Agricultura de Minas Gerais<\/em><\/p>\n","protected":false},"excerpt":{"rendered":"<p>Os selos garantem produ\u00e7\u00e3o de maior qualidade, abrindo novas oportunidades de neg\u00f3cios, foram entregues a 66 produtores de Uberl\u00e2ndia e regi\u00e3o. Foto: Cristiano Machado\/Imprensa MG No primeiro dia da Feira<\/p>\n","protected":false},"author":1,"featured_media":7801,"comment_status":"open","ping_status":"open","sticky":false,"template":"","format":"standard","meta":{"footnotes":""},"categories":[1],"tags":[],"class_list":["post-7800","post","type-post","status-publish","format-standard","has-post-thumbnail","hentry","category-noticias"],"_links":{"self":[{"href":"https:\/\/revistahubclub.com.br\/portal\/wp-json\/wp\/v2\/posts\/7800","targetHints":{"allow":["GET"]}}],"collection":[{"href":"https:\/\/revistahubclub.com.br\/portal\/wp-json\/wp\/v2\/posts"}],"about":[{"href":"https:\/\/revistahubclub.com.br\/portal\/wp-json\/wp\/v2\/types\/post"}],"author":[{"embeddable":true,"href":"https:\/\/revistahubclub.com.br\/portal\/wp-json\/wp\/v2\/users\/1"}],"replies":[{"embeddable":true,"href":"https:\/\/revistahubclub.com.br\/portal\/wp-json\/wp\/v2\/comments?post=7800"}],"version-history":[{"count":1,"href":"https:\/\/revistahubclub.com.br\/portal\/wp-json\/wp\/v2\/posts\/7800\/revisions"}],"predecessor-version":[{"id":7802,"href":"https:\/\/revistahubclub.com.br\/portal\/wp-json\/wp\/v2\/posts\/7800\/revisions\/7802"}],"wp:featuredmedia":[{"embeddable":true,"href":"https:\/\/revistahubclub.com.br\/portal\/wp-json\/wp\/v2\/media\/7801"}],"wp:attachment":[{"href":"https:\/\/revistahubclub.com.br\/portal\/wp-json\/wp\/v2\/media?parent=7800"}],"wp:term":[{"taxonomy":"category","embeddable":true,"href":"https:\/\/revistahubclub.com.br\/portal\/wp-json\/wp\/v2\/categories?post=7800"},{"taxonomy":"post_tag","embeddable":true,"href":"https:\/\/revistahubclub.com.br\/portal\/wp-json\/wp\/v2\/tags?post=7800"}],"curies":[{"name":"wp","href":"https:\/\/api.w.org\/{rel}","templated":true}]}}