{"id":7803,"date":"2022-03-23T16:18:00","date_gmt":"2022-03-23T19:18:00","guid":{"rendered":"https:\/\/revistahubclub.com.br\/portal\/?p=7803"},"modified":"2024-12-20T16:18:33","modified_gmt":"2024-12-20T19:18:33","slug":"femec-inicia-programacao-em-uberlandia-com-expectativa-de-movimentar-r750-milhoes-em-negocios","status":"publish","type":"post","link":"https:\/\/revistahubclub.com.br\/portal\/2022\/03\/23\/femec-inicia-programacao-em-uberlandia-com-expectativa-de-movimentar-r750-milhoes-em-negocios\/","title":{"rendered":"Femec inicia programa\u00e7\u00e3o em Uberl\u00e2ndia com expectativa de movimentar R$750 milh\u00f5es em neg\u00f3cios"},"content":{"rendered":"\n<p id=\"viewer-foo\"><em>A entrada da feira do agroneg\u00f3cio mineiro \u00e9 gratuita e ir\u00e1 at\u00e9 o dia 25 de mar\u00e7o.<\/em><\/p>\n\n\n\n<p id=\"viewer-3icbf\"><em>Governador do estado, Romeu Zema no primeiro dia do evento. | Foto: Di\u00e1rio de Uberl\u00e2ndia<\/em><\/p>\n\n\n\n<p id=\"viewer-7sem8\">Come\u00e7ou nesta ter\u00e7a-feira (22) em Uberl\u00e2ndia, a 9\u00aa edi\u00e7\u00e3o da Feira do Agroneg\u00f3cio Mineiro (Femec). O primeiro dia de evento recebeu o governador de Minas Gerais, Romeu Zema, com a secret\u00e1ria de Estado de Agricultura, Pecu\u00e1ria e Abastecimentos (Seapa), Ana Maria Valentini e com o prefeito do munic\u00edpio, Odelmo Le\u00e3o.<\/p>\n\n\n\n<p id=\"viewer-e3i4m\">O evento que ir\u00e1 at\u00e9 sexta-feira(25\/3) tem entrada gratuita e acontece no Parque de Exposi\u00e7\u00f5es Camaru. Cerca de 140 expositores das principais marcas voltadas ao agroneg\u00f3cio participam da conven\u00e7\u00e3o e, a expectativa, \u00e9 de que o evento movimente mais de R$750 milh\u00f5es em neg\u00f3cios.<\/p>\n\n\n\n<p id=\"viewer-epd5p\">A abertura oficial do evento foi marcada por protestos dos servidores da educa\u00e7\u00e3o, for\u00e7as de seguran\u00e7a da Pol\u00edcia Civil e pais de alunos matriculados em institui\u00e7\u00f5es p\u00fablicas de ensino para a reivindicar de reajustes salariais e melhorias nas condi\u00e7\u00f5es de trabalho ao governador Romeu Zema.<\/p>\n\n\n\n<p id=\"viewer-fvsut\"><em>Fonte: Di\u00e1rio de Uberl\u00e2ndia<\/em><\/p>\n\n\n\n<p><\/p>\n","protected":false},"excerpt":{"rendered":"<p>A entrada da feira do agroneg\u00f3cio mineiro \u00e9 gratuita e ir\u00e1 at\u00e9 o dia 25 de mar\u00e7o. Governador do estado, Romeu Zema no primeiro dia do evento. | Foto: Di\u00e1rio<\/p>\n","protected":false},"author":1,"featured_media":7804,"comment_status":"open","ping_status":"open","sticky":false,"template":"","format":"standard","meta":{"footnotes":""},"categories":[1],"tags":[],"class_list":["post-7803","post","type-post","status-publish","format-standard","has-post-thumbnail","hentry","category-noticias"],"_links":{"self":[{"href":"https:\/\/revistahubclub.com.br\/portal\/wp-json\/wp\/v2\/posts\/7803","targetHints":{"allow":["GET"]}}],"collection":[{"href":"https:\/\/revistahubclub.com.br\/portal\/wp-json\/wp\/v2\/posts"}],"about":[{"href":"https:\/\/revistahubclub.com.br\/portal\/wp-json\/wp\/v2\/types\/post"}],"author":[{"embeddable":true,"href":"https:\/\/revistahubclub.com.br\/portal\/wp-json\/wp\/v2\/users\/1"}],"replies":[{"embeddable":true,"href":"https:\/\/revistahubclub.com.br\/portal\/wp-json\/wp\/v2\/comments?post=7803"}],"version-history":[{"count":1,"href":"https:\/\/revistahubclub.com.br\/portal\/wp-json\/wp\/v2\/posts\/7803\/revisions"}],"predecessor-version":[{"id":7805,"href":"https:\/\/revistahubclub.com.br\/portal\/wp-json\/wp\/v2\/posts\/7803\/revisions\/7805"}],"wp:featuredmedia":[{"embeddable":true,"href":"https:\/\/revistahubclub.com.br\/portal\/wp-json\/wp\/v2\/media\/7804"}],"wp:attachment":[{"href":"https:\/\/revistahubclub.com.br\/portal\/wp-json\/wp\/v2\/media?parent=7803"}],"wp:term":[{"taxonomy":"category","embeddable":true,"href":"https:\/\/revistahubclub.com.br\/portal\/wp-json\/wp\/v2\/categories?post=7803"},{"taxonomy":"post_tag","embeddable":true,"href":"https:\/\/revistahubclub.com.br\/portal\/wp-json\/wp\/v2\/tags?post=7803"}],"curies":[{"name":"wp","href":"https:\/\/api.w.org\/{rel}","templated":true}]}}