{"id":7812,"date":"2022-03-22T16:19:00","date_gmt":"2022-03-22T19:19:00","guid":{"rendered":"https:\/\/revistahubclub.com.br\/portal\/?p=7812"},"modified":"2024-12-20T16:19:57","modified_gmt":"2024-12-20T19:19:57","slug":"o-indice-de-confianca-de-pequenas-empresas-fica-estavel-em-fevereiro","status":"publish","type":"post","link":"https:\/\/revistahubclub.com.br\/portal\/2022\/03\/22\/o-indice-de-confianca-de-pequenas-empresas-fica-estavel-em-fevereiro\/","title":{"rendered":"O \u00edndice de confian\u00e7a de pequenas empresas fica est\u00e1vel em fevereiro"},"content":{"rendered":"\n<p id=\"viewer-foo\"><em>O \u00edndice mede a confian\u00e7a atual em rela\u00e7\u00e3o \u00e0 economia e indicam ligeira melhora nas expectativas do com\u00e9rcio no curt\u00edssimo prazo.<\/em><\/p>\n\n\n\n<p id=\"viewer-em24f\"><em>Foto: banco de imagem<\/em><\/p>\n\n\n\n<p id=\"viewer-dkund\">O \u00cdndice de Confian\u00e7a de Micro e Pequenas Empresas (IC-MPE) aumentou 0,4 ponto em rela\u00e7\u00e3o a janeiro, mantendo-se em torno de 90 pontos, ap\u00f3s ter ca\u00eddo 5,1 pontos. O \u00edndice \u00e9 a agrega\u00e7\u00e3o dos \u00edndices de confian\u00e7a dos tr\u00eas principais setores da economia \u2014 Com\u00e9rcio, Servi\u00e7os e Ind\u00fastria de Transforma\u00e7\u00e3o.<\/p>\n\n\n\n<p id=\"viewer-be9a1\">Na subdivis\u00e3o por setores, a confian\u00e7a do com\u00e9rcio aumentou 3,9 pontos, caiu 1,4 ponto no de servi\u00e7os e caiu 2,6 pontos no de ind\u00fastria de transforma\u00e7\u00e3o. O IC-MPE \u00e9 elaborado pela Funda\u00e7\u00e3o Get\u00falio Vargas (FGV) em parceria com o Servi\u00e7o Brasileiro de Apoio \u00e0s Micro e Pequenas Empresas (Sebrae).<\/p>\n\n\n\n<p id=\"viewer-168ol\">O \u00edndice de confian\u00e7a mede a avalia\u00e7\u00e3o atual em rela\u00e7\u00e3o \u00e0 economia. O \u00cdndice de Expectativa das Micro e Pequenas Empresas (IE-MPE) subiu 1,8 ponto, para 93,3 pontos. Em janeiro, o indicador perdeu 6 pontos. O principal fator para o avan\u00e7o do indicador de expectativa foi a melhora das perspectivas sobre a demanda para os pr\u00f3ximos tr\u00eas meses, que subiu 1,2 ponto em fevereiro, ap\u00f3s ter ca\u00eddo 9 pontos em janeiro. Para os pr\u00f3ximos seis meses, a perspectiva de crescimento da demanda ficou est\u00e1vel, subindo 0,4 ponto.<\/p>\n\n\n\n<p id=\"viewer-73tr8\">Segundo o Sebrae, os dados indicam ligeira melhora nas expectativas do com\u00e9rcio no curt\u00edssimo prazo. Para os pr\u00f3ximos meses, os micro e pequenos empres\u00e1rios continuam com incertezas, provocadas pela crise internacional, pela evolu\u00e7\u00e3o da pandemia de covid-19, pelas press\u00f5es de custos e pelo calend\u00e1rio eleitoral.<\/p>\n\n\n\n<p id=\"viewer-87s94\"><em>Fonte: Wellton M\u00e1ximo \u2013 Ag\u00eancia Brasil<\/em><\/p>\n","protected":false},"excerpt":{"rendered":"<p>O \u00edndice mede a confian\u00e7a atual em rela\u00e7\u00e3o \u00e0 economia e indicam ligeira melhora nas expectativas do com\u00e9rcio no curt\u00edssimo prazo. Foto: banco de imagem O \u00cdndice de Confian\u00e7a de<\/p>\n","protected":false},"author":1,"featured_media":7813,"comment_status":"open","ping_status":"open","sticky":false,"template":"","format":"standard","meta":{"footnotes":""},"categories":[1],"tags":[],"class_list":["post-7812","post","type-post","status-publish","format-standard","has-post-thumbnail","hentry","category-noticias"],"_links":{"self":[{"href":"https:\/\/revistahubclub.com.br\/portal\/wp-json\/wp\/v2\/posts\/7812","targetHints":{"allow":["GET"]}}],"collection":[{"href":"https:\/\/revistahubclub.com.br\/portal\/wp-json\/wp\/v2\/posts"}],"about":[{"href":"https:\/\/revistahubclub.com.br\/portal\/wp-json\/wp\/v2\/types\/post"}],"author":[{"embeddable":true,"href":"https:\/\/revistahubclub.com.br\/portal\/wp-json\/wp\/v2\/users\/1"}],"replies":[{"embeddable":true,"href":"https:\/\/revistahubclub.com.br\/portal\/wp-json\/wp\/v2\/comments?post=7812"}],"version-history":[{"count":1,"href":"https:\/\/revistahubclub.com.br\/portal\/wp-json\/wp\/v2\/posts\/7812\/revisions"}],"predecessor-version":[{"id":7814,"href":"https:\/\/revistahubclub.com.br\/portal\/wp-json\/wp\/v2\/posts\/7812\/revisions\/7814"}],"wp:featuredmedia":[{"embeddable":true,"href":"https:\/\/revistahubclub.com.br\/portal\/wp-json\/wp\/v2\/media\/7813"}],"wp:attachment":[{"href":"https:\/\/revistahubclub.com.br\/portal\/wp-json\/wp\/v2\/media?parent=7812"}],"wp:term":[{"taxonomy":"category","embeddable":true,"href":"https:\/\/revistahubclub.com.br\/portal\/wp-json\/wp\/v2\/categories?post=7812"},{"taxonomy":"post_tag","embeddable":true,"href":"https:\/\/revistahubclub.com.br\/portal\/wp-json\/wp\/v2\/tags?post=7812"}],"curies":[{"name":"wp","href":"https:\/\/api.w.org\/{rel}","templated":true}]}}