{"id":7815,"date":"2022-03-22T16:19:00","date_gmt":"2022-03-22T19:19:00","guid":{"rendered":"https:\/\/revistahubclub.com.br\/portal\/?p=7815"},"modified":"2024-12-20T16:20:27","modified_gmt":"2024-12-20T19:20:27","slug":"quase-metade-da-populacao-uberlandense-ja-recebeu-a-terceira-dose-contra-a-covid-19","status":"publish","type":"post","link":"https:\/\/revistahubclub.com.br\/portal\/2022\/03\/22\/quase-metade-da-populacao-uberlandense-ja-recebeu-a-terceira-dose-contra-a-covid-19\/","title":{"rendered":"Quase metade da popula\u00e7\u00e3o uberlandense j\u00e1 recebeu a terceira dose contra a covid-19"},"content":{"rendered":"\n<p id=\"viewer-foo\"><em>Um levantamento feito pelo Di\u00e1rio mostra mais de 346 mil pessoas com o esquema vacinal completo.<\/em><\/p>\n\n\n\n<p id=\"viewer-95g80\"><em>Foto: banco de imagem<\/em><\/p>\n\n\n\n<p id=\"viewer-3oiec\">Segundo a \u00faltima estimativa do Instituto Brasileiro de Geografia e Log\u00edstica (IBGE) em 2021, Uberl\u00e2ndia conta com mais de 706.597 habitantes. O Vacin\u00f4metro de Uberl\u00e2ndia, aponta que 346.151 pessoas est\u00e3o com o esquema vacinal completo, ou seja, 48% dos habitantes da cidade possuem tr\u00eas doses contra a covid-19.<\/p>\n\n\n\n<p id=\"viewer-30bk4\">O grupo com maior ades\u00e3o \u00e0 terceira dose na cidade \u00e9 o de idosos, com mais de 93 mil aplica\u00e7\u00f5es. A dose adicional come\u00e7ou a ser aplicada na cidade no in\u00edcio de setembro do ano passado e \u00e9 recomend\u00e1vel a todos que j\u00e1 tenham recebido a 2\u00aa dose do imunizante h\u00e1 pelo menos quatro meses. No total j\u00e1 foram aplicadas 1.577.596 doses em Uberl\u00e2ndia, sendo 623.388 aplica\u00e7\u00f5es da 1\u00aa dose e 586.864 da 2\u00aa dose.<\/p>\n\n\n\n<p id=\"viewer-12kvv\"><em>Fonte: Di\u00e1rio de Uberl\u00e2ndia<\/em><\/p>\n","protected":false},"excerpt":{"rendered":"<p>Um levantamento feito pelo Di\u00e1rio mostra mais de 346 mil pessoas com o esquema vacinal completo. Foto: banco de imagem Segundo a \u00faltima estimativa do Instituto Brasileiro de Geografia e<\/p>\n","protected":false},"author":1,"featured_media":7816,"comment_status":"open","ping_status":"open","sticky":false,"template":"","format":"standard","meta":{"footnotes":""},"categories":[1],"tags":[],"class_list":["post-7815","post","type-post","status-publish","format-standard","has-post-thumbnail","hentry","category-noticias"],"_links":{"self":[{"href":"https:\/\/revistahubclub.com.br\/portal\/wp-json\/wp\/v2\/posts\/7815","targetHints":{"allow":["GET"]}}],"collection":[{"href":"https:\/\/revistahubclub.com.br\/portal\/wp-json\/wp\/v2\/posts"}],"about":[{"href":"https:\/\/revistahubclub.com.br\/portal\/wp-json\/wp\/v2\/types\/post"}],"author":[{"embeddable":true,"href":"https:\/\/revistahubclub.com.br\/portal\/wp-json\/wp\/v2\/users\/1"}],"replies":[{"embeddable":true,"href":"https:\/\/revistahubclub.com.br\/portal\/wp-json\/wp\/v2\/comments?post=7815"}],"version-history":[{"count":1,"href":"https:\/\/revistahubclub.com.br\/portal\/wp-json\/wp\/v2\/posts\/7815\/revisions"}],"predecessor-version":[{"id":7817,"href":"https:\/\/revistahubclub.com.br\/portal\/wp-json\/wp\/v2\/posts\/7815\/revisions\/7817"}],"wp:featuredmedia":[{"embeddable":true,"href":"https:\/\/revistahubclub.com.br\/portal\/wp-json\/wp\/v2\/media\/7816"}],"wp:attachment":[{"href":"https:\/\/revistahubclub.com.br\/portal\/wp-json\/wp\/v2\/media?parent=7815"}],"wp:term":[{"taxonomy":"category","embeddable":true,"href":"https:\/\/revistahubclub.com.br\/portal\/wp-json\/wp\/v2\/categories?post=7815"},{"taxonomy":"post_tag","embeddable":true,"href":"https:\/\/revistahubclub.com.br\/portal\/wp-json\/wp\/v2\/tags?post=7815"}],"curies":[{"name":"wp","href":"https:\/\/api.w.org\/{rel}","templated":true}]}}