{"id":7824,"date":"2022-03-21T16:21:00","date_gmt":"2022-03-21T19:21:00","guid":{"rendered":"https:\/\/revistahubclub.com.br\/portal\/?p=7824"},"modified":"2024-12-20T16:22:02","modified_gmt":"2024-12-20T19:22:02","slug":"comeca-amanha-a-9a-edicao-da-femec","status":"publish","type":"post","link":"https:\/\/revistahubclub.com.br\/portal\/2022\/03\/21\/comeca-amanha-a-9a-edicao-da-femec\/","title":{"rendered":"Come\u00e7a amanh\u00e3 a 9\u00aa Edi\u00e7\u00e3o da FEMEC"},"content":{"rendered":"\n<p id=\"viewer-foo\"><em>Com o conceito \u201cAgroneg\u00f3cio Sustent\u00e1vel Alimentando o Mundo\u201d, a Feira do Agroneg\u00f3cio Mineiro ir\u00e1 do dia 22 a 25 de mar\u00e7o.<\/em><\/p>\n\n\n\n<p id=\"viewer-24kr0\"><em>Foto: Divulga\u00e7\u00e3o<\/em><\/p>\n\n\n\n<p id=\"viewer-d7912\">Amanh\u00e3 (22\/3) come\u00e7a mais uma edi\u00e7\u00e3o da Feira do Agroneg\u00f3cio Mineiro, a FEMEC 2022. Com o tema-conceito \u201cAgroneg\u00f3cio Sustent\u00e1vel Alimentando o Mundo\u201d, a 9[ edi\u00e7\u00e3o acontecer\u00e1 de 22 a 25 de mar\u00e7o de 2022, no Parque de Exposi\u00e7\u00f5es Camaru em Uberl\u00e2ndia, no Tri\u00e2ngulo Mineiro. No evento, acontece a comercializa\u00e7\u00e3o de m\u00e1quinas, equipamentos, implementos e insumos agr\u00edcolas mais procurados do agro em Minas Gerais, al\u00e9m de receber produtores rurais das principais fronteiras agr\u00edcolas do pa\u00eds.<\/p>\n\n\n\n<p id=\"viewer-qdfo\">Com atra\u00e7\u00f5es no Pavilh\u00e3o do Agroneg\u00f3cio, o evento contar\u00e1 com revendas de defensivos, os Campos Demonstrativos de Sementes e Insumos, as exposi\u00e7\u00f5es e leil\u00f5es de equinos e bovinos, a feira de touros PO e f\u00eameas do Programa Pr\u00f3-Gen\u00e9tica e Pr\u00f3-F\u00eameas e a Arena Automotiva, que receber\u00e1 os lan\u00e7amentos de ve\u00edculos utilit\u00e1rios e de passeio das principais montadoras do pa\u00eds.<\/p>\n\n\n\n<p id=\"viewer-e5012\">Confira a programa\u00e7\u00e3o no <a target=\"_blank\" href=\"http:\/\/www.femec.com.br\/\" rel=\"noreferrer noopener\"><u>site da FEMEC<\/u><\/a>.<\/p>\n\n\n\n<p id=\"viewer-d7si9\"><em>Fonte: Femec<\/em><\/p>\n","protected":false},"excerpt":{"rendered":"<p>Com o conceito \u201cAgroneg\u00f3cio Sustent\u00e1vel Alimentando o Mundo\u201d, a Feira do Agroneg\u00f3cio Mineiro ir\u00e1 do dia 22 a 25 de mar\u00e7o. Foto: Divulga\u00e7\u00e3o Amanh\u00e3 (22\/3) come\u00e7a mais uma edi\u00e7\u00e3o da<\/p>\n","protected":false},"author":1,"featured_media":7825,"comment_status":"open","ping_status":"open","sticky":false,"template":"","format":"standard","meta":{"footnotes":""},"categories":[1],"tags":[],"class_list":["post-7824","post","type-post","status-publish","format-standard","has-post-thumbnail","hentry","category-noticias"],"_links":{"self":[{"href":"https:\/\/revistahubclub.com.br\/portal\/wp-json\/wp\/v2\/posts\/7824","targetHints":{"allow":["GET"]}}],"collection":[{"href":"https:\/\/revistahubclub.com.br\/portal\/wp-json\/wp\/v2\/posts"}],"about":[{"href":"https:\/\/revistahubclub.com.br\/portal\/wp-json\/wp\/v2\/types\/post"}],"author":[{"embeddable":true,"href":"https:\/\/revistahubclub.com.br\/portal\/wp-json\/wp\/v2\/users\/1"}],"replies":[{"embeddable":true,"href":"https:\/\/revistahubclub.com.br\/portal\/wp-json\/wp\/v2\/comments?post=7824"}],"version-history":[{"count":1,"href":"https:\/\/revistahubclub.com.br\/portal\/wp-json\/wp\/v2\/posts\/7824\/revisions"}],"predecessor-version":[{"id":7826,"href":"https:\/\/revistahubclub.com.br\/portal\/wp-json\/wp\/v2\/posts\/7824\/revisions\/7826"}],"wp:featuredmedia":[{"embeddable":true,"href":"https:\/\/revistahubclub.com.br\/portal\/wp-json\/wp\/v2\/media\/7825"}],"wp:attachment":[{"href":"https:\/\/revistahubclub.com.br\/portal\/wp-json\/wp\/v2\/media?parent=7824"}],"wp:term":[{"taxonomy":"category","embeddable":true,"href":"https:\/\/revistahubclub.com.br\/portal\/wp-json\/wp\/v2\/categories?post=7824"},{"taxonomy":"post_tag","embeddable":true,"href":"https:\/\/revistahubclub.com.br\/portal\/wp-json\/wp\/v2\/tags?post=7824"}],"curies":[{"name":"wp","href":"https:\/\/api.w.org\/{rel}","templated":true}]}}