{"id":7833,"date":"2022-03-21T16:22:00","date_gmt":"2022-03-21T19:22:00","guid":{"rendered":"https:\/\/revistahubclub.com.br\/portal\/?p=7833"},"modified":"2024-12-20T16:23:09","modified_gmt":"2024-12-20T19:23:09","slug":"foi-dada-a-largada-no-world-creativity-day-em-uberlandia","status":"publish","type":"post","link":"https:\/\/revistahubclub.com.br\/portal\/2022\/03\/21\/foi-dada-a-largada-no-world-creativity-day-em-uberlandia\/","title":{"rendered":"Foi dada a largada no World Creativity Day em Uberl\u00e2ndia"},"content":{"rendered":"\n<p id=\"viewer-foo\"><em>Pelo menos na organiza\u00e7\u00e3o desse (j\u00e1) mega evento criativo-comunit\u00e1rio!<\/em><\/p>\n\n\n\n<p id=\"viewer-9m9vi\"><em>Foto: Viviane Lemes<\/em><\/p>\n\n\n\n<p id=\"viewer-5lj5i\">O @WorldCreativityDay n\u00e3o \u00e9 um evento organizado por um l\u00edder local, mas o co-criado por um grupo de profissionais criativos que dividem valores e complementam saberes<\/p>\n\n\n\n<p id=\"viewer-bu0uc\">E vou te falar? Essa equipe complementa MUITOS saberes!<\/p>\n\n\n\n<p id=\"viewer-1b3jj\">Uberl\u00e2ndia vai receber um evento do calibre que a cidade merece, e n\u00f3s estamos muito feliz de poder dividir esse momento com voc\u00eas e oferecer essa experi\u00eancia para comunidade!<\/p>\n\n\n\n<p id=\"viewer-ft64u\">Nosso sonho antigo \u00e9 auxiliar o munic\u00edpio de Uberl\u00e2ndia e reconhecer a criatividade na sua hist\u00f3ria, e eu acho que estar junto dessas pessoas, organizado o Dia Mundial da Criatividade, foi o primeiro passo.<\/p>\n\n\n\n<p id=\"viewer-21v87\">J\u00e1 reservem os dias 20, 21 e 22 de abril na agenda, porque voc\u00eas v\u00e3o AMAR fazer parte disso \u270a\ud83c\udffd<\/p>\n","protected":false},"excerpt":{"rendered":"<p>Pelo menos na organiza\u00e7\u00e3o desse (j\u00e1) mega evento criativo-comunit\u00e1rio! Foto: Viviane Lemes O @WorldCreativityDay n\u00e3o \u00e9 um evento organizado por um l\u00edder local, mas o co-criado por um grupo de<\/p>\n","protected":false},"author":1,"featured_media":7834,"comment_status":"open","ping_status":"open","sticky":false,"template":"","format":"standard","meta":{"footnotes":""},"categories":[1],"tags":[],"class_list":["post-7833","post","type-post","status-publish","format-standard","has-post-thumbnail","hentry","category-noticias"],"_links":{"self":[{"href":"https:\/\/revistahubclub.com.br\/portal\/wp-json\/wp\/v2\/posts\/7833","targetHints":{"allow":["GET"]}}],"collection":[{"href":"https:\/\/revistahubclub.com.br\/portal\/wp-json\/wp\/v2\/posts"}],"about":[{"href":"https:\/\/revistahubclub.com.br\/portal\/wp-json\/wp\/v2\/types\/post"}],"author":[{"embeddable":true,"href":"https:\/\/revistahubclub.com.br\/portal\/wp-json\/wp\/v2\/users\/1"}],"replies":[{"embeddable":true,"href":"https:\/\/revistahubclub.com.br\/portal\/wp-json\/wp\/v2\/comments?post=7833"}],"version-history":[{"count":1,"href":"https:\/\/revistahubclub.com.br\/portal\/wp-json\/wp\/v2\/posts\/7833\/revisions"}],"predecessor-version":[{"id":7835,"href":"https:\/\/revistahubclub.com.br\/portal\/wp-json\/wp\/v2\/posts\/7833\/revisions\/7835"}],"wp:featuredmedia":[{"embeddable":true,"href":"https:\/\/revistahubclub.com.br\/portal\/wp-json\/wp\/v2\/media\/7834"}],"wp:attachment":[{"href":"https:\/\/revistahubclub.com.br\/portal\/wp-json\/wp\/v2\/media?parent=7833"}],"wp:term":[{"taxonomy":"category","embeddable":true,"href":"https:\/\/revistahubclub.com.br\/portal\/wp-json\/wp\/v2\/categories?post=7833"},{"taxonomy":"post_tag","embeddable":true,"href":"https:\/\/revistahubclub.com.br\/portal\/wp-json\/wp\/v2\/tags?post=7833"}],"curies":[{"name":"wp","href":"https:\/\/api.w.org\/{rel}","templated":true}]}}