{"id":7839,"date":"2022-03-18T16:23:00","date_gmt":"2022-03-18T19:23:00","guid":{"rendered":"https:\/\/revistahubclub.com.br\/portal\/?p=7839"},"modified":"2024-12-20T16:24:04","modified_gmt":"2024-12-20T19:24:04","slug":"universidade-de-montes-claros-lanca-premio-mulheres-em-destaque-na-ciencia","status":"publish","type":"post","link":"https:\/\/revistahubclub.com.br\/portal\/2022\/03\/18\/universidade-de-montes-claros-lanca-premio-mulheres-em-destaque-na-ciencia\/","title":{"rendered":"Universidade de Montes Claros lan\u00e7a pr\u00eamio &#8220;Mulheres em Destaque na Ci\u00eancia&#8221;"},"content":{"rendered":"\n<p id=\"viewer-foo\"><em>Ato simb\u00f3lico marcou a apresenta\u00e7\u00e3o oficial no dia 8 de mar\u00e7o, como forma de reconhecimento e valoriza\u00e7\u00e3o das pesquisadoras.<\/em><\/p>\n\n\n\n<p id=\"viewer-3n2q4\"><em>Foto: Unimontes \/ Divulga\u00e7\u00e3o<\/em><\/p>\n\n\n\n<p id=\"viewer-aai05\">A Universidade Estadual de Montes Claros (Unimontes) lan\u00e7ou no dia 8 de mar\u00e7o, o Pr\u00eamio \u201cMulheres em Destaque na Ci\u00eancia\u201d. A premia\u00e7\u00e3o, conforme sinalizado pela Unimontes, foi pensada no esp\u00edrito de que pesquisa \u00e9, sim, coisa de mulher, que precisa ser reconhecida e valorizada. Como parte das comemora\u00e7\u00f5es pelo Dia Internacional da Mulher, a universidade tamb\u00e9m homenageou um grupo de pesquisadoras da institui\u00e7\u00e3o e assinou a portaria que institui a comiss\u00e3o organizadora do pr\u00eamio.<\/p>\n\n\n\n<p id=\"viewer-agenc\">Os objetivos da premia\u00e7\u00e3o foram apresentados pela pr\u00f3-reitora da Pesquisa da Unimontes, professora Clarice Corsato, a e comiss\u00e3o de cria\u00e7\u00e3o do pr\u00eamio foi formada por seis docentes da universidade, representando cada uma das \u00e1reas de conhecimento. Durante o evento comemorativo ao Dia Internacional da Mulher na Unimontes, foram prestadas homenagens \u00e0s professoras pesquisadoras da universidade, representadas pelas bolsistas de produtividade do Conselho Nacional do Desenvolvimento e Tecnol\u00f3gico (CNPq).<\/p>\n\n\n\n<p id=\"viewer-df3lj\"><em>Fonte: Ag\u00eancia Minas<\/em><\/p>\n","protected":false},"excerpt":{"rendered":"<p>Ato simb\u00f3lico marcou a apresenta\u00e7\u00e3o oficial no dia 8 de mar\u00e7o, como forma de reconhecimento e valoriza\u00e7\u00e3o das pesquisadoras. Foto: Unimontes \/ Divulga\u00e7\u00e3o A Universidade Estadual de Montes Claros (Unimontes)<\/p>\n","protected":false},"author":1,"featured_media":7840,"comment_status":"open","ping_status":"open","sticky":false,"template":"","format":"standard","meta":{"footnotes":""},"categories":[1],"tags":[],"class_list":["post-7839","post","type-post","status-publish","format-standard","has-post-thumbnail","hentry","category-noticias"],"_links":{"self":[{"href":"https:\/\/revistahubclub.com.br\/portal\/wp-json\/wp\/v2\/posts\/7839","targetHints":{"allow":["GET"]}}],"collection":[{"href":"https:\/\/revistahubclub.com.br\/portal\/wp-json\/wp\/v2\/posts"}],"about":[{"href":"https:\/\/revistahubclub.com.br\/portal\/wp-json\/wp\/v2\/types\/post"}],"author":[{"embeddable":true,"href":"https:\/\/revistahubclub.com.br\/portal\/wp-json\/wp\/v2\/users\/1"}],"replies":[{"embeddable":true,"href":"https:\/\/revistahubclub.com.br\/portal\/wp-json\/wp\/v2\/comments?post=7839"}],"version-history":[{"count":1,"href":"https:\/\/revistahubclub.com.br\/portal\/wp-json\/wp\/v2\/posts\/7839\/revisions"}],"predecessor-version":[{"id":7841,"href":"https:\/\/revistahubclub.com.br\/portal\/wp-json\/wp\/v2\/posts\/7839\/revisions\/7841"}],"wp:featuredmedia":[{"embeddable":true,"href":"https:\/\/revistahubclub.com.br\/portal\/wp-json\/wp\/v2\/media\/7840"}],"wp:attachment":[{"href":"https:\/\/revistahubclub.com.br\/portal\/wp-json\/wp\/v2\/media?parent=7839"}],"wp:term":[{"taxonomy":"category","embeddable":true,"href":"https:\/\/revistahubclub.com.br\/portal\/wp-json\/wp\/v2\/categories?post=7839"},{"taxonomy":"post_tag","embeddable":true,"href":"https:\/\/revistahubclub.com.br\/portal\/wp-json\/wp\/v2\/tags?post=7839"}],"curies":[{"name":"wp","href":"https:\/\/api.w.org\/{rel}","templated":true}]}}