{"id":7851,"date":"2022-03-17T16:25:00","date_gmt":"2022-03-17T19:25:00","guid":{"rendered":"https:\/\/revistahubclub.com.br\/portal\/?p=7851"},"modified":"2024-12-20T16:26:19","modified_gmt":"2024-12-20T19:26:19","slug":"dia-mundial-da-criatividade-em-uberlandia-sera-realizado-nos-dias-20-21-e-22-de-abril","status":"publish","type":"post","link":"https:\/\/revistahubclub.com.br\/portal\/2022\/03\/17\/dia-mundial-da-criatividade-em-uberlandia-sera-realizado-nos-dias-20-21-e-22-de-abril\/","title":{"rendered":"Dia Mundial da Criatividade em Uberl\u00e2ndia ser\u00e1 realizado nos dias 20, 21 e 22 de abril"},"content":{"rendered":"\n<p id=\"viewer-foo\"><em>Maior festival colaborativo de criatividade do mundo abre inscri\u00e7\u00f5es na cidade para realizar 2400 atividades, celebrando a vida, ao redor do mundo.<\/em><\/p>\n\n\n\n<p id=\"viewer-7um50\">Com mais de 170 milh\u00f5es de brasileiros vacinados com a primeira dose ap\u00f3s quase um ano de vacina\u00e7\u00e3o contra a Covid-19, tudo indica que o pior ficar\u00e1 para tr\u00e1s e, em breve, poderemos virar a p\u00e1gina em v\u00e1rios aspectos de nossas vidas.<\/p>\n\n\n\n<p id=\"viewer-36ckh\">Diante disso, qual deve ser o papel de um festival de criatividade que mobiliza todos os anos milhares de pessoas inspiradoras em tantas partes do Brasil e do mundo? Foi pensando nisso que a Organiza\u00e7\u00e3o Mundial da Criatividade, respons\u00e1vel pela realiza\u00e7\u00e3o do Dia Mundial da Criatividade, decidiu transformar uma atitude simples em sua principal causa neste ano: celebrar a vida.<\/p>\n\n\n\n<p id=\"viewer-1j1f1\">&#8220;Ap\u00f3s dois anos de profundas mudan\u00e7as econ\u00f4micas, sociais, culturais e comportamentais influenciadas pela necessidade de proteger as pessoas de um v\u00edrus letal, percebemos que o principal papel da criatividade em 2022 \u00e9 ajudar as pessoas a resgatarem o prazer pela vida. Com tantas pessoas vacinadas e protegidas, agora \u00e9 a hora das pessoas valorizarem sua pot\u00eancia criativa e resgatarem a capacidade de viver com alegria, mesmo depois de tantos meses de dor e luto&#8221;, afirma Lucas Foster, idealizador do Dia Mundial da Criatividade e l\u00edder global da World Creativity Organization.<\/p>\n\n\n\n<p id=\"viewer-ak1aa\">Para isso, o Dia Mundial da Criatividade realiza anualmente, uma grande campanha de mobiliza\u00e7\u00e3o de educadores, empreendedores, l\u00edderes empresariais, criadores de conte\u00fado, estudantes, pesquisadores, influenciadores digitais, ve\u00edculos de imprensa e outros agentes de mudan\u00e7a para promover e conectar iniciativas em torno da criatividade, inova\u00e7\u00e3o e sustentabilidade em v\u00e1rias cidades do mundo.<\/p>\n\n\n\n<p id=\"viewer-a7ri2\">Em Uberl\u00e2ndia, a l\u00edder local respons\u00e1vel por essa organiza\u00e7\u00e3o \u00e9 Viviane Lemes, Empres\u00e1ria e propriet\u00e1ria da Flanar Turismo e que tem como responsabilidade ser a porta-voz do Dia Mundial da Criatividade na cidade e ajudando a organizar diversas atividades de interesse da popula\u00e7\u00e3o nos dias 20, 21 e 22 de abril sobre temas relevantes relacionados com criatividade e inova\u00e7\u00e3o.<\/p>\n\n\n\n<p id=\"viewer-60s7e\">&#8220;Ser aprovado\/a pela Organiza\u00e7\u00e3o Mundial da Criatividade para trazer o Dia Mundial da Criatividade para Uberl\u00e2ndia \u00e9 um orgulho muito grande, mas s\u00f3 faz sentido se tivermos o apoio de volunt\u00e1rios, anfitri\u00f5es, inspiradores e parceiros da nossa regi\u00e3o que ajudem a transformar esse dia em um evento inesquec\u00edvel para toda a nossa popula\u00e7\u00e3o poder celebrar a vida ap\u00f3s tantos meses de incertezas. Em abril, vamos todos celebrar a vida e come\u00e7ar a construir um futuro melhor com muita criatividade e inova\u00e7\u00e3o&#8221;, declara Viviane Lemes, respons\u00e1vel pelo Dia Mundial da Criatividade em Uberl\u00e2ndia.<\/p>\n\n\n\n<p id=\"viewer-7m8gb\">Se voc\u00ea quer fazer parte da realiza\u00e7\u00e3o do maior festival colaborativo de criatividade do mundo em Uberl\u00e2ndia, basta acessar o site <a target=\"_blank\" href=\"http:\/\/www.worldcreativityday.com\/brazil\/\" rel=\"noreferrer noopener\"><u>www.worldcreativityday.com\/brazil\/<\/u><\/a>, selecionar o nome da cidade e se inscrever at\u00e9 o dia 01\/03\/2022. Mais informa\u00e7\u00f5es pelo site <a target=\"_blank\" href=\"http:\/\/www.worldcreativityday.com\/brazil\" rel=\"noreferrer noopener\"><u>www.worldcreativityday.com\/brazil<\/u><\/a> ou pelo e-mail <a target=\"_blank\" href=\"mailto:viviane@flanarturismo.com.br\" rel=\"noreferrer noopener\"><u>viviane@flanarturismo.com.br<\/u><\/a><\/p>\n\n\n\n<p id=\"viewer-70v1s\"><strong>Sobre o World Creativity Day<\/strong><\/p>\n\n\n\n<p id=\"viewer-e44bd\">O World Creativity Day \u00e9 uma iniciativa da World Creativity Organization, organiza\u00e7\u00e3o respons\u00e1vel por difundir a marca World Creativity Day que atua globalmente para aumentar a conscientiza\u00e7\u00e3o de indiv\u00edduos, organiza\u00e7\u00f5es e governos sobre o valor da criatividade como mat\u00e9ria-prima para a solu\u00e7\u00e3o de problemas e, por extens\u00e3o, no desenvolvimento social, tecnol\u00f3gico e econ\u00f4mico sustent\u00e1veis em nosso s\u00e9culo.<\/p>\n\n\n\n<p id=\"viewer-9c6hs\">O World Creativity Day \u00e9 uma comunidade global que re\u00fane educadores, empreendedores criativos, l\u00edderes empresariais, tecn\u00f3logos, formuladores de pol\u00edticas p\u00fablicas, pesquisadores e outros agentes de mudan\u00e7a para promover e conectar iniciativas em torno da criatividade, inova\u00e7\u00e3o, sustentabilidade e a\u00e7\u00f5es concretas para o desenvolvimento econ\u00f4mico, cultural e social.<\/p>\n\n\n\n<p id=\"viewer-2cruu\">O World Creativity Day respondeu aos pedidos do Secret\u00e1rio-Geral das Na\u00e7\u00f5es Unidas sobre a Resolu\u00e7\u00e3o 71\/284 para chamar a aten\u00e7\u00e3o sobre a designa\u00e7\u00e3o de 21 de abril como Dia Mundial da Criatividade e Inova\u00e7\u00e3o para todos os Estados Membros, organiza\u00e7\u00f5es do sistema das Na\u00e7\u00f5es Unidas e outros organismos internacionais e internacionais. organiza\u00e7\u00f5es regionais, bem como a sociedade civil, incluindo organiza\u00e7\u00f5es n\u00e3o-governamentais e indiv\u00edduos.<\/p>\n\n\n\n<figure class=\"wp-block-image\"><img loading=\"lazy\" decoding=\"async\" width=\"194\" height=\"194\" src=\"https:\/\/revistahubclub.com.br\/portal\/wp-content\/uploads\/2024\/12\/4ac39f_1cae255265f84a318add391fa80b4e4cmv2.webp\" alt=\"\" class=\"wp-image-7856\" srcset=\"https:\/\/revistahubclub.com.br\/portal\/wp-content\/uploads\/2024\/12\/4ac39f_1cae255265f84a318add391fa80b4e4cmv2.webp 194w, https:\/\/revistahubclub.com.br\/portal\/wp-content\/uploads\/2024\/12\/4ac39f_1cae255265f84a318add391fa80b4e4cmv2-150x150.webp 150w\" sizes=\"auto, (max-width: 194px) 100vw, 194px\" \/><\/figure>\n\n\n\n<figure class=\"wp-block-image\"><img loading=\"lazy\" decoding=\"async\" width=\"195\" height=\"194\" src=\"https:\/\/revistahubclub.com.br\/portal\/wp-content\/uploads\/2024\/12\/4ac39f_db90de9c4c9f464489e2287277e1b51amv2.webp\" alt=\"\" class=\"wp-image-7857\" srcset=\"https:\/\/revistahubclub.com.br\/portal\/wp-content\/uploads\/2024\/12\/4ac39f_db90de9c4c9f464489e2287277e1b51amv2.webp 195w, https:\/\/revistahubclub.com.br\/portal\/wp-content\/uploads\/2024\/12\/4ac39f_db90de9c4c9f464489e2287277e1b51amv2-150x150.webp 150w\" sizes=\"auto, (max-width: 195px) 100vw, 195px\" \/><\/figure>\n\n\n\n<figure class=\"wp-block-image\"><img loading=\"lazy\" decoding=\"async\" width=\"194\" height=\"194\" src=\"https:\/\/revistahubclub.com.br\/portal\/wp-content\/uploads\/2024\/12\/4ac39f_e87efd78823f4aa3a67062c2c63283f9mv2.webp\" alt=\"\" class=\"wp-image-7858\" srcset=\"https:\/\/revistahubclub.com.br\/portal\/wp-content\/uploads\/2024\/12\/4ac39f_e87efd78823f4aa3a67062c2c63283f9mv2.webp 194w, https:\/\/revistahubclub.com.br\/portal\/wp-content\/uploads\/2024\/12\/4ac39f_e87efd78823f4aa3a67062c2c63283f9mv2-150x150.webp 150w\" sizes=\"auto, (max-width: 194px) 100vw, 194px\" \/><\/figure>\n\n\n\n<figure class=\"wp-block-image\"><img loading=\"lazy\" decoding=\"async\" width=\"194\" height=\"194\" src=\"https:\/\/revistahubclub.com.br\/portal\/wp-content\/uploads\/2024\/12\/4ac39f_f75cf0d5d88f4a4a890eb40b5c6fcd1fmv2.webp\" alt=\"\" class=\"wp-image-7855\" srcset=\"https:\/\/revistahubclub.com.br\/portal\/wp-content\/uploads\/2024\/12\/4ac39f_f75cf0d5d88f4a4a890eb40b5c6fcd1fmv2.webp 194w, https:\/\/revistahubclub.com.br\/portal\/wp-content\/uploads\/2024\/12\/4ac39f_f75cf0d5d88f4a4a890eb40b5c6fcd1fmv2-150x150.webp 150w\" sizes=\"auto, (max-width: 194px) 100vw, 194px\" \/><\/figure>\n\n\n\n<figure class=\"wp-block-image\"><img loading=\"lazy\" decoding=\"async\" width=\"195\" height=\"194\" src=\"https:\/\/revistahubclub.com.br\/portal\/wp-content\/uploads\/2024\/12\/4ac39f_85a073ba9dc2484b8d2936ac7e069436mv2.webp\" alt=\"\" class=\"wp-image-7853\" srcset=\"https:\/\/revistahubclub.com.br\/portal\/wp-content\/uploads\/2024\/12\/4ac39f_85a073ba9dc2484b8d2936ac7e069436mv2.webp 195w, https:\/\/revistahubclub.com.br\/portal\/wp-content\/uploads\/2024\/12\/4ac39f_85a073ba9dc2484b8d2936ac7e069436mv2-150x150.webp 150w\" sizes=\"auto, (max-width: 195px) 100vw, 195px\" \/><\/figure>\n\n\n\n<figure class=\"wp-block-image\"><img loading=\"lazy\" decoding=\"async\" width=\"194\" height=\"194\" src=\"https:\/\/revistahubclub.com.br\/portal\/wp-content\/uploads\/2024\/12\/4ac39f_c1fef94ee3ac4c19a1444f5a02f274fdmv2.webp\" alt=\"\" class=\"wp-image-7854\" srcset=\"https:\/\/revistahubclub.com.br\/portal\/wp-content\/uploads\/2024\/12\/4ac39f_c1fef94ee3ac4c19a1444f5a02f274fdmv2.webp 194w, https:\/\/revistahubclub.com.br\/portal\/wp-content\/uploads\/2024\/12\/4ac39f_c1fef94ee3ac4c19a1444f5a02f274fdmv2-150x150.webp 150w\" sizes=\"auto, (max-width: 194px) 100vw, 194px\" \/><\/figure>\n\n\n\n<p id=\"viewer-b2li7\"><strong>Sobre a organiza\u00e7\u00e3o em Uberl\u00e2ndia<\/strong><\/p>\n\n\n\n<p id=\"viewer-279a7\">Uberl\u00e2ndia contar\u00e1 com uma comunidade formada pela l\u00edder, 15 inspiradores selecionados, volunt\u00e1rios que dar\u00e3o suporte \u00e0 realiza\u00e7\u00e3o do evento em formato hibrido, empresas e institui\u00e7\u00f5es anfitri\u00e3s solid\u00e1rias em disponibilizar espa\u00e7o f\u00edsico e influenciadores que possam dar visibilidade aos talentos criativos e inovadores de nossa cidade.<\/p>\n\n\n\n<p id=\"viewer-75it4\">Em 2021 Uberl\u00e2ndia deu oportunidade aos 33 projetos inscritos de poder compartilhar suas iniciativas na plataforma global da cidade de Uberl\u00e2ndia e de outras 20 cidades espalhadas pelo Brasil, Jap\u00e3o e Portugal. Esta rede de conex\u00f5es colocou a lideran\u00e7a de Uberl\u00e2ndia em posi\u00e7\u00e3o de destaque e premiada como uma das 03 lideran\u00e7as mais atuantes do Brasil.<\/p>\n\n\n\n<p id=\"viewer-4cgrs\">Na edi\u00e7\u00e3o de 2022 pretendemos realizar um evento grandioso, n\u00e3o em sua dimens\u00e3o num\u00e9rica, mas no seu alcance e impacto nos setores perif\u00e9ricos da escola. Queremos identificar o protagonismo de jovens e mulheres com solu\u00e7\u00f5es criativas e eficientes para problemas complexos gerados pela pandemia.<\/p>\n\n\n\n<p id=\"viewer-ftv9t\">Foi dada a largada!<\/p>\n\n\n\n<p id=\"viewer-ps89\">Venha fazer parte desta transforma\u00e7\u00e3o.<\/p>\n\n\n\n<p id=\"viewer-b3nd6\">Na edi\u00e7\u00e3o de 2022, o DIA MUNDIAL DA CRIATIVIDADE j\u00e1 est\u00e1 sendo preparado por um time de institui\u00e7\u00f5es e profissionais competentes, que promete dividir valores e complementar saberes. Atrav\u00e9s da co-cria\u00e7\u00e3o programa\u00e7\u00e3o diversificada, o time ir\u00e1 auxiliar Uberl\u00e2ndia a reconhecer a criatividade, a inova\u00e7\u00e3o e o talento como parte da hist\u00f3ria do seu povo.<\/p>\n\n\n\n<p id=\"viewer-4607p\"><strong>Apoiadores:<\/strong><\/p>\n\n\n\n<p id=\"viewer-5qdj\"><a target=\"_blank\" href=\"https:\/\/www.instagram.com\/colegionacional\" rel=\"noreferrer noopener\"><u>Col\u00e9gio Nacional<\/u><\/a><\/p>\n\n\n\n<p id=\"viewer-6hhcv\"><a target=\"_blank\" href=\"https:\/\/www.instagram.com\/abraseltmg\" rel=\"noreferrer noopener\"><u>ABRASEL<\/u><\/a><\/p>\n\n\n\n<p id=\"viewer-63h7b\"><a target=\"_blank\" href=\"https:\/\/www.instagram.com\/pitagorasuberlandia\/\" rel=\"noreferrer noopener\"><u>Faculdade Pit\u00e1goras<\/u><\/a><\/p>\n\n\n\n<p id=\"viewer-b0m3o\"><a target=\"_blank\" href=\"https:\/\/www.instagram.com\/explore\/locations\/984501\/unitri-uberlandia\/\" rel=\"noreferrer noopener\"><u>UNITRI<\/u><\/a><\/p>\n\n\n\n<p id=\"viewer-egmko\"><a target=\"_blank\" href=\"https:\/\/www.instagram.com\/prefeituradeuberlandia\" rel=\"noreferrer noopener\"><u>Prefeitura de Uberl\u00e2ndia<\/u><\/a><\/p>\n\n\n\n<p id=\"viewer-d6q1\"><a target=\"_blank\" href=\"https:\/\/www.instagram.com\/explore\/locations\/245640583\/senac-uberlandia\/\" rel=\"noreferrer noopener\"><u>SENAC<\/u><\/a><\/p>\n\n\n\n<p id=\"viewer-dnp1d\"><a target=\"_blank\" href=\"https:\/\/www.instagram.com\/uniubeoficial\" rel=\"noreferrer noopener\"><u>UNIUBE<\/u><\/a><\/p>\n\n\n\n<p id=\"viewer-a1i17\"><a target=\"_blank\" href=\"https:\/\/www.instagram.com\/hubceliocardoso\" rel=\"noreferrer noopener\"><u>Revista Hub<\/u><\/a><\/p>\n\n\n\n<p id=\"viewer-efi7q\"><a target=\"_blank\" href=\"https:\/\/www.instagram.com\/brain.innovation\" rel=\"noreferrer noopener\"><u>Brain Inovattion<\/u><\/a><\/p>\n\n\n\n<p id=\"viewer-7koer\"><a target=\"_blank\" href=\"https:\/\/www.instagram.com\/acaomoradia\" rel=\"noreferrer noopener\"><u>ONG A\u00e7\u00e3o Moradia<\/u><\/a><\/p>\n\n\n\n<p id=\"viewer-1t3hm\"><a target=\"_blank\" href=\"https:\/\/www.instagram.com\/flanarturismo\/\" rel=\"noreferrer noopener\"><u>Flanar Turismo<\/u><\/a><\/p>\n\n\n\n<p id=\"viewer-7q1k2\"><a target=\"_blank\" href=\"https:\/\/www.instagram.com\/projetoangelhair_\" rel=\"noreferrer noopener\"><u>Projeto Angel Hair<\/u><\/a><\/p>\n\n\n\n<p id=\"viewer-8fc7i\"><a target=\"_blank\" href=\"https:\/\/www.instagram.com\/dialogos_e_conexoes\" rel=\"noreferrer noopener\"><u>Di\u00e1logos e Conex\u00f5es<\/u><\/a><\/p>\n\n\n\n<p id=\"viewer-3kav9\"><a target=\"_blank\" href=\"https:\/\/www.instagram.com\/rioslivres\" rel=\"noreferrer noopener\"><u>Coletivo Rios Livres MG<\/u><\/a><\/p>\n\n\n\n<p id=\"viewer-2s3r7\"><a target=\"_blank\" href=\"https:\/\/www.instagram.com\/loucosporretro\/\" rel=\"noreferrer noopener\"><u>Loucos por Retr\u00f4<\/u><\/a><\/p>\n\n\n\n<p id=\"viewer-dvm98\"><a target=\"_blank\" href=\"https:\/\/www.instagram.com\/oabuberlandia\/\" rel=\"noreferrer noopener\"><u>OAB Mulher<\/u><\/a><\/p>\n\n\n\n<p id=\"viewer-btrqs\"><a target=\"_blank\" href=\"https:\/\/www.instagram.com\/estanciadoguardiao\/\" rel=\"noreferrer noopener\"><u>Est\u00e2ncia do Guardi\u00e3o<\/u><\/a><\/p>\n\n\n\n<p id=\"viewer-bk7br\"><a target=\"_blank\" href=\"https:\/\/www.instagram.com\/raiosdeluzmg\" rel=\"noreferrer noopener\"><u>Raios de Luz Ecoturismo<\/u><\/a><\/p>\n\n\n\n<p id=\"viewer-3crd4\"><a target=\"_blank\" href=\"https:\/\/apdudanca.wordpress.com\/\" rel=\"noreferrer noopener\"><u>Associa\u00e7\u00e3o dos Profissionais de Dan\u00e7a de Uberl\u00e2ndia<\/u><\/a><\/p>\n\n\n\n<p id=\"viewer-nvhf\"><a target=\"_blank\" href=\"https:\/\/www.instagram.com\/udinarotadoteatro\/\" rel=\"noreferrer noopener\"><u>Uberl\u00e2ndia na Rota do Teatro<\/u><\/a><\/p>\n\n\n\n<p id=\"viewer-5vhv6\"><a target=\"_blank\" href=\"https:\/\/www.instagram.com\/caminhos_do_cerrado\/\" rel=\"noreferrer noopener\"><u>Circuito Tur\u00edstico Caminhos do Cerrado<\/u><\/a><\/p>\n\n\n\n<p id=\"viewer-drqco\"><a target=\"_blank\" href=\"https:\/\/www.instagram.com\/matulamineiracomidasdeviagem\/\" rel=\"noreferrer noopener\"><u>Matula Mineira Comidas de Viagem e Outras Mem\u00f3rias<\/u><\/a><\/p>\n\n\n\n<p id=\"viewer-411au\"><a target=\"_blank\" href=\"https:\/\/www.instagram.com\/tixstartup\/\" rel=\"noreferrer noopener\"><u>TIX &#8211; Tecnologia Assistiva<\/u><\/a><\/p>\n\n\n\n<p id=\"viewer-4ci97\"><a target=\"_blank\" href=\"https:\/\/www.instagram.com\/associacaoanga\/\" rel=\"noreferrer noopener\"><u>Ang\u00e1 &#8211; Associa\u00e7\u00e3o para Gest\u00e3o Socioambiental do Tri\u00e2ngulo Mineiro<\/u><\/a><\/p>\n\n\n\n<p id=\"viewer-bufg3\"><a target=\"_blank\" href=\"https:\/\/www.instagram.com\/amigos_da_cachoeira\/\" rel=\"noreferrer noopener\"><u>Amigos da Cachoeira<\/u><\/a><\/p>\n\n\n\n<p id=\"viewer-anjib\"><a target=\"_blank\" href=\"https:\/\/www.instagram.com\/rotadoqueijoartesanal\/\" rel=\"noreferrer noopener\"><u>EMATER \/ Rota do Queijo Artesanal<\/u><\/a><\/p>\n\n\n\n<p id=\"viewer-t42j\"><a target=\"_blank\" href=\"https:\/\/www.instagram.com\/explore\/locations\/245640583\/senac-uberlandia\/\" rel=\"noreferrer noopener\"><u>SENAC \u2013 Uberl\u00e2ndia<\/u><\/a><\/p>\n\n\n\n<p id=\"viewer-4sh3l\"><a target=\"_blank\" href=\"https:\/\/www.instagram.com\/parquedosabia\/\" rel=\"noreferrer noopener\"><u>FUTEL : FUNDA\u00c7\u00c3O DE TURISMO, ESPORTE E LAZER<\/u><\/a><\/p>\n\n\n\n<p id=\"viewer-6jrdi\">LIDER LOCAL \u2013 UBERL\u00c2NDIA<\/p>\n\n\n\n<p id=\"viewer-9oob9\">VIVIANE LEMES<\/p>\n\n\n\n<p id=\"viewer-bjbte\">34 99268-9060<\/p>\n\n\n\n<p><\/p>\n","protected":false},"excerpt":{"rendered":"<p>Maior festival colaborativo de criatividade do mundo abre inscri\u00e7\u00f5es na cidade para realizar 2400 atividades, celebrando a vida, ao redor do mundo. Com mais de 170 milh\u00f5es de brasileiros vacinados<\/p>\n","protected":false},"author":1,"featured_media":7852,"comment_status":"open","ping_status":"open","sticky":false,"template":"","format":"standard","meta":{"footnotes":""},"categories":[1],"tags":[],"class_list":["post-7851","post","type-post","status-publish","format-standard","has-post-thumbnail","hentry","category-noticias"],"_links":{"self":[{"href":"https:\/\/revistahubclub.com.br\/portal\/wp-json\/wp\/v2\/posts\/7851","targetHints":{"allow":["GET"]}}],"collection":[{"href":"https:\/\/revistahubclub.com.br\/portal\/wp-json\/wp\/v2\/posts"}],"about":[{"href":"https:\/\/revistahubclub.com.br\/portal\/wp-json\/wp\/v2\/types\/post"}],"author":[{"embeddable":true,"href":"https:\/\/revistahubclub.com.br\/portal\/wp-json\/wp\/v2\/users\/1"}],"replies":[{"embeddable":true,"href":"https:\/\/revistahubclub.com.br\/portal\/wp-json\/wp\/v2\/comments?post=7851"}],"version-history":[{"count":1,"href":"https:\/\/revistahubclub.com.br\/portal\/wp-json\/wp\/v2\/posts\/7851\/revisions"}],"predecessor-version":[{"id":7859,"href":"https:\/\/revistahubclub.com.br\/portal\/wp-json\/wp\/v2\/posts\/7851\/revisions\/7859"}],"wp:featuredmedia":[{"embeddable":true,"href":"https:\/\/revistahubclub.com.br\/portal\/wp-json\/wp\/v2\/media\/7852"}],"wp:attachment":[{"href":"https:\/\/revistahubclub.com.br\/portal\/wp-json\/wp\/v2\/media?parent=7851"}],"wp:term":[{"taxonomy":"category","embeddable":true,"href":"https:\/\/revistahubclub.com.br\/portal\/wp-json\/wp\/v2\/categories?post=7851"},{"taxonomy":"post_tag","embeddable":true,"href":"https:\/\/revistahubclub.com.br\/portal\/wp-json\/wp\/v2\/tags?post=7851"}],"curies":[{"name":"wp","href":"https:\/\/api.w.org\/{rel}","templated":true}]}}