{"id":7878,"date":"2022-03-14T16:28:00","date_gmt":"2022-03-14T19:28:00","guid":{"rendered":"https:\/\/revistahubclub.com.br\/portal\/?p=7878"},"modified":"2024-12-20T16:29:19","modified_gmt":"2024-12-20T19:29:19","slug":"governador-participa-de-encontro-com-liderancas-empresariais-e-politicas-de-minas-gerais","status":"publish","type":"post","link":"https:\/\/revistahubclub.com.br\/portal\/2022\/03\/14\/governador-participa-de-encontro-com-liderancas-empresariais-e-politicas-de-minas-gerais\/","title":{"rendered":"Governador participa de encontro com lideran\u00e7as empresariais e pol\u00edticas de Minas Gerais"},"content":{"rendered":"\n<p id=\"viewer-foo\"><em>Na ocasi\u00e3o, o governador destacou que tem trabalhado para minimizar os impactos do aumento dos pre\u00e7os dos combust\u00edveis.<\/em><\/p>\n\n\n\n<p id=\"viewer-236tv\"><em>Foto: Dirceu Aur\u00e9lio \/ Imprensa MG<\/em><\/p>\n\n\n\n<p id=\"viewer-9vhir\">Em Belo Horizonte, o governador do estado, Romeu Zema, participou nesta segunda-feira (14\/3) do Conex\u00e3o Empresarial, evento promovido pela VB Comunica\u00e7\u00e3o e que \u00e9 espa\u00e7o de debate entre empres\u00e1rios, autoridades e pol\u00edticos.<\/p>\n\n\n\n<p id=\"viewer-3lv7q\">No evento, o governador comentou sobre o aumento de pre\u00e7o dos combust\u00edveis que tem castigado o bolso dos mineiros. Ele tamb\u00e9m destacou o trabalho de sua gest\u00e3o para minimizar esses impactos. \u201cTemos o compromisso de repassar o m\u00ednimo poss\u00edvel de impostos para os consumidores, tanto que fui um dos governadores que, no fim do ano passado, congelaram a al\u00edquota de ICMS. Desde ent\u00e3o, o imposto que incide sobre o valor por litro de combust\u00edvel est\u00e1 congelado e o pre\u00e7o n\u00e3o parou de subir. Est\u00e1 provado que n\u00e3o \u00e9 o ICMS ou os estados que est\u00e3o provocando a subida dos combust\u00edveis. \u00c9 um aumento que vem da Petrobras&#8221;, afirmou.<\/p>\n\n\n\n<p id=\"viewer-4s04i\"><em>Fonte: Ag\u00eancia Minas<\/em><\/p>\n","protected":false},"excerpt":{"rendered":"<p>Na ocasi\u00e3o, o governador destacou que tem trabalhado para minimizar os impactos do aumento dos pre\u00e7os dos combust\u00edveis. Foto: Dirceu Aur\u00e9lio \/ Imprensa MG Em Belo Horizonte, o governador do<\/p>\n","protected":false},"author":1,"featured_media":7879,"comment_status":"open","ping_status":"open","sticky":false,"template":"","format":"standard","meta":{"footnotes":""},"categories":[1],"tags":[],"class_list":["post-7878","post","type-post","status-publish","format-standard","has-post-thumbnail","hentry","category-noticias"],"_links":{"self":[{"href":"https:\/\/revistahubclub.com.br\/portal\/wp-json\/wp\/v2\/posts\/7878","targetHints":{"allow":["GET"]}}],"collection":[{"href":"https:\/\/revistahubclub.com.br\/portal\/wp-json\/wp\/v2\/posts"}],"about":[{"href":"https:\/\/revistahubclub.com.br\/portal\/wp-json\/wp\/v2\/types\/post"}],"author":[{"embeddable":true,"href":"https:\/\/revistahubclub.com.br\/portal\/wp-json\/wp\/v2\/users\/1"}],"replies":[{"embeddable":true,"href":"https:\/\/revistahubclub.com.br\/portal\/wp-json\/wp\/v2\/comments?post=7878"}],"version-history":[{"count":1,"href":"https:\/\/revistahubclub.com.br\/portal\/wp-json\/wp\/v2\/posts\/7878\/revisions"}],"predecessor-version":[{"id":7880,"href":"https:\/\/revistahubclub.com.br\/portal\/wp-json\/wp\/v2\/posts\/7878\/revisions\/7880"}],"wp:featuredmedia":[{"embeddable":true,"href":"https:\/\/revistahubclub.com.br\/portal\/wp-json\/wp\/v2\/media\/7879"}],"wp:attachment":[{"href":"https:\/\/revistahubclub.com.br\/portal\/wp-json\/wp\/v2\/media?parent=7878"}],"wp:term":[{"taxonomy":"category","embeddable":true,"href":"https:\/\/revistahubclub.com.br\/portal\/wp-json\/wp\/v2\/categories?post=7878"},{"taxonomy":"post_tag","embeddable":true,"href":"https:\/\/revistahubclub.com.br\/portal\/wp-json\/wp\/v2\/tags?post=7878"}],"curies":[{"name":"wp","href":"https:\/\/api.w.org\/{rel}","templated":true}]}}