{"id":79,"date":"2024-11-19T11:51:08","date_gmt":"2024-11-19T14:51:08","guid":{"rendered":"https:\/\/revistahubclub.com.br\/portal\/?p=79"},"modified":"2024-12-11T11:51:41","modified_gmt":"2024-12-11T14:51:41","slug":"regiao-do-cerrado-mineiro-leva-autenticidade-e-inovacao-a-semana-internacional-do-cafe-2024","status":"publish","type":"post","link":"https:\/\/revistahubclub.com.br\/portal\/2024\/11\/19\/regiao-do-cerrado-mineiro-leva-autenticidade-e-inovacao-a-semana-internacional-do-cafe-2024\/","title":{"rendered":"Regi\u00e3o do Cerrado Mineiro leva autenticidade e inova\u00e7\u00e3o \u00e0 Semana Internacional do Caf\u00e9 2024"},"content":{"rendered":"\n<p id=\"viewer-i0h6i43\">A Regi\u00e3o do Cerrado Mineiro (RCM), pioneira no Brasil a conquistar a Denomina\u00e7\u00e3o de Origem para seus caf\u00e9s, ser\u00e1 destaque na 12\u00aa Semana Internacional do Caf\u00e9 (SIC), que ocorre de 20 a 22 de novembro, no Expominas, em Belo Horizonte. Reconhecido como um dos principais eventos do setor, a SIC reunir\u00e1 representantes de toda a cadeia produtiva para debater tend\u00eancias, avan\u00e7os tecnol\u00f3gicos e os rumos da cafeicultura global.<\/p>\n\n\n\n<p id=\"viewer-msxo167\">Com um stand exclusivo, a RCM apresentar\u00e1 a campanha \u201cA verdade \u00e9 rastre\u00e1vel \u2013 promovendo o aut\u00eantico Cerrado Mineiro\u201d, que destaca o selo de origem controlada como garantia de qualidade e proced\u00eancia. A iniciativa visa conscientizar consumidores e profissionais do setor sobre o valor dos caf\u00e9s aut\u00eanticos da regi\u00e3o.<\/p>\n\n\n\n<p id=\"viewer-ryk3b75\">Segundo Juliano Tarabal, diretor executivo da Federa\u00e7\u00e3o dos Cafeicultores do Cerrado, o stand da RCM contar\u00e1 com uma a\u00e7\u00e3o especial de intercoopera\u00e7\u00e3o entre as seis cooperativas que integram a Federa\u00e7\u00e3o. \u201cTodas as cooperativas estar\u00e3o presentes para promover sess\u00f5es de cupping com seus caf\u00e9s, com o objetivo de fortalecer o relacionamento com os compradores. Al\u00e9m disso, um dos cuppings ser\u00e1 dedicado aos caf\u00e9s que participar\u00e3o do leil\u00e3o virtual, permitindo que os torradores conhe\u00e7am antecipadamente os lotes que ser\u00e3o leiloados na pr\u00f3xima segunda e ter\u00e7a-feira, dias 25 e 26 de novembro\u201d, afirma.<\/p>\n\n\n\n<p id=\"viewer-5ovsd83\">A programa\u00e7\u00e3o inclui ainda a promo\u00e7\u00e3o dos vencedores do 12\u00ba Pr\u00eamio Regi\u00e3o do Cerrado Mineiro, que reconhece os melhores caf\u00e9s produzidos localmente.<\/p>\n\n\n\n<p id=\"viewer-vnwyf91\">A SIC 2024 \u00e9 realizada pela Espresso&amp;CO, Sistema Faemg Senar, Sebrae e o governo de Minas Gerais, com apoio do Sistema Ocemg. Com o tema \u201cComo o clima, a ci\u00eancia e os novos consumidores est\u00e3o moldando o futuro do caf\u00e9\u201d, o evento oferecer\u00e1 palestras, workshops, cursos, competi\u00e7\u00f5es, degusta\u00e7\u00f5es orientadas e pesquisas. A expectativa \u00e9 movimentar R$ 60 milh\u00f5es em neg\u00f3cios, representando um crescimento de 20% em rela\u00e7\u00e3o ao ano anterior.<\/p>\n","protected":false},"excerpt":{"rendered":"<p>A Regi\u00e3o do Cerrado Mineiro (RCM), pioneira no Brasil a conquistar a Denomina\u00e7\u00e3o de Origem para seus caf\u00e9s, ser\u00e1 destaque na 12\u00aa Semana Internacional do Caf\u00e9 (SIC), que ocorre de<\/p>\n","protected":false},"author":1,"featured_media":80,"comment_status":"open","ping_status":"open","sticky":false,"template":"","format":"standard","meta":{"footnotes":""},"categories":[1],"tags":[],"class_list":["post-79","post","type-post","status-publish","format-standard","has-post-thumbnail","hentry","category-noticias"],"_links":{"self":[{"href":"https:\/\/revistahubclub.com.br\/portal\/wp-json\/wp\/v2\/posts\/79","targetHints":{"allow":["GET"]}}],"collection":[{"href":"https:\/\/revistahubclub.com.br\/portal\/wp-json\/wp\/v2\/posts"}],"about":[{"href":"https:\/\/revistahubclub.com.br\/portal\/wp-json\/wp\/v2\/types\/post"}],"author":[{"embeddable":true,"href":"https:\/\/revistahubclub.com.br\/portal\/wp-json\/wp\/v2\/users\/1"}],"replies":[{"embeddable":true,"href":"https:\/\/revistahubclub.com.br\/portal\/wp-json\/wp\/v2\/comments?post=79"}],"version-history":[{"count":1,"href":"https:\/\/revistahubclub.com.br\/portal\/wp-json\/wp\/v2\/posts\/79\/revisions"}],"predecessor-version":[{"id":81,"href":"https:\/\/revistahubclub.com.br\/portal\/wp-json\/wp\/v2\/posts\/79\/revisions\/81"}],"wp:featuredmedia":[{"embeddable":true,"href":"https:\/\/revistahubclub.com.br\/portal\/wp-json\/wp\/v2\/media\/80"}],"wp:attachment":[{"href":"https:\/\/revistahubclub.com.br\/portal\/wp-json\/wp\/v2\/media?parent=79"}],"wp:term":[{"taxonomy":"category","embeddable":true,"href":"https:\/\/revistahubclub.com.br\/portal\/wp-json\/wp\/v2\/categories?post=79"},{"taxonomy":"post_tag","embeddable":true,"href":"https:\/\/revistahubclub.com.br\/portal\/wp-json\/wp\/v2\/tags?post=79"}],"curies":[{"name":"wp","href":"https:\/\/api.w.org\/{rel}","templated":true}]}}