{"id":7906,"date":"2022-03-10T09:55:00","date_gmt":"2022-03-10T12:55:00","guid":{"rendered":"https:\/\/revistahubclub.com.br\/portal\/?p=7906"},"modified":"2024-12-26T09:56:14","modified_gmt":"2024-12-26T12:56:14","slug":"fiemg-e-cemig-promovem-encontro-com-industrias-de-uberlandia-e-regiao","status":"publish","type":"post","link":"https:\/\/revistahubclub.com.br\/portal\/2022\/03\/10\/fiemg-e-cemig-promovem-encontro-com-industrias-de-uberlandia-e-regiao\/","title":{"rendered":"FIEMG e CEMIG promovem encontro com ind\u00fastrias de Uberl\u00e2ndia e regi\u00e3o"},"content":{"rendered":"\n<p id=\"viewer-foo\"><em>O intuito \u00e9 oferecer atendimento personalizado a empresas atendidas pela companhia e sanar problemas com energia el\u00e9trica.<\/em><\/p>\n\n\n\n<p id=\"viewer-cpmb6\"><em>Foto: banco de imagem<\/em><\/p>\n\n\n\n<p id=\"viewer-dc1ob\">A Federa\u00e7\u00e3o das Ind\u00fastrias do Estado de Minas Gerais (FIEMG) e a Companhia Energ\u00e9tica de Minas Gerais (CEMIG) ir\u00e3o realizar no dia 17 de mar\u00e7o, um encontro com as ind\u00fastrias da regi\u00e3o para sanar poss\u00edveis problemas com a gera\u00e7\u00e3o de energia el\u00e9trica. A participa\u00e7\u00e3o das empresas \u00e9 gratuita e podem participar em formato online ou presencial.<\/p>\n\n\n\n<p id=\"viewer-4a6u3\">Intitulado &#8220;lado a lado &#8211; Energia da Ind\u00fastria&#8221; o encontro acontecer\u00e1 no audit\u00f3rio da FIEMG Regional Vale do Para\u00edba, na Rua Nove Ponte, n\u00ba 500, bairro Jardim dos Gravat\u00e1s, em Uberl\u00e2ndia e ir\u00e1 atender as demandas das ind\u00fastrias. Os empres\u00e1rios poder\u00e3o manifestar os problemas que v\u00eam sofrendo com as unidades consumidoras, atendendo pedidos de expans\u00e3o e conex\u00e3o ao sistema el\u00e9trico.<\/p>\n\n\n\n<p id=\"viewer-6ec6p\">Os interessados devem se inscrever pela plataforma <a target=\"_blank\" href=\"https:\/\/www.sympla.com.br\/evento-online\/lado-a-lado-energia-da-industria\/1450347\" rel=\"noreferrer noopener\"><u>Sympla<\/u><\/a>. O link de inscri\u00e7\u00e3o ser\u00e1 enviado no ato da inscri\u00e7\u00e3o. Para mais informa\u00e7\u00f5es, envie para o email:<a target=\"_blank\" href=\"mailto:abaldini@fiemg.com.br\" rel=\"noreferrer noopener\"><u> abaldini@fiemg.com.br<\/u><\/a><\/p>\n\n\n\n<p id=\"viewer-flh55\"><em>Fonte: Di\u00e1rio de Uberl\u00e2ndia<\/em><\/p>\n","protected":false},"excerpt":{"rendered":"<p>O intuito \u00e9 oferecer atendimento personalizado a empresas atendidas pela companhia e sanar problemas com energia el\u00e9trica. Foto: banco de imagem A Federa\u00e7\u00e3o das Ind\u00fastrias do Estado de Minas Gerais<\/p>\n","protected":false},"author":1,"featured_media":7907,"comment_status":"open","ping_status":"open","sticky":false,"template":"","format":"standard","meta":{"footnotes":""},"categories":[1],"tags":[],"class_list":["post-7906","post","type-post","status-publish","format-standard","has-post-thumbnail","hentry","category-noticias"],"_links":{"self":[{"href":"https:\/\/revistahubclub.com.br\/portal\/wp-json\/wp\/v2\/posts\/7906","targetHints":{"allow":["GET"]}}],"collection":[{"href":"https:\/\/revistahubclub.com.br\/portal\/wp-json\/wp\/v2\/posts"}],"about":[{"href":"https:\/\/revistahubclub.com.br\/portal\/wp-json\/wp\/v2\/types\/post"}],"author":[{"embeddable":true,"href":"https:\/\/revistahubclub.com.br\/portal\/wp-json\/wp\/v2\/users\/1"}],"replies":[{"embeddable":true,"href":"https:\/\/revistahubclub.com.br\/portal\/wp-json\/wp\/v2\/comments?post=7906"}],"version-history":[{"count":1,"href":"https:\/\/revistahubclub.com.br\/portal\/wp-json\/wp\/v2\/posts\/7906\/revisions"}],"predecessor-version":[{"id":7908,"href":"https:\/\/revistahubclub.com.br\/portal\/wp-json\/wp\/v2\/posts\/7906\/revisions\/7908"}],"wp:featuredmedia":[{"embeddable":true,"href":"https:\/\/revistahubclub.com.br\/portal\/wp-json\/wp\/v2\/media\/7907"}],"wp:attachment":[{"href":"https:\/\/revistahubclub.com.br\/portal\/wp-json\/wp\/v2\/media?parent=7906"}],"wp:term":[{"taxonomy":"category","embeddable":true,"href":"https:\/\/revistahubclub.com.br\/portal\/wp-json\/wp\/v2\/categories?post=7906"},{"taxonomy":"post_tag","embeddable":true,"href":"https:\/\/revistahubclub.com.br\/portal\/wp-json\/wp\/v2\/tags?post=7906"}],"curies":[{"name":"wp","href":"https:\/\/api.w.org\/{rel}","templated":true}]}}