{"id":7909,"date":"2022-03-10T09:56:00","date_gmt":"2022-03-10T12:56:00","guid":{"rendered":"https:\/\/revistahubclub.com.br\/portal\/?p=7909"},"modified":"2024-12-26T09:56:36","modified_gmt":"2024-12-26T12:56:36","slug":"transforma-minas-completa-3-anos-com-514-de-mulheres-selecionadas-para-cargos-de-lideranca","status":"publish","type":"post","link":"https:\/\/revistahubclub.com.br\/portal\/2022\/03\/10\/transforma-minas-completa-3-anos-com-514-de-mulheres-selecionadas-para-cargos-de-lideranca\/","title":{"rendered":"Transforma Minas completa 3 anos com 51,4% de mulheres selecionadas para cargos de lideran\u00e7a"},"content":{"rendered":"\n<p id=\"viewer-foo\"><em>O programa do Governo do Estado \u00e9 pioneiro no processo de sele\u00e7\u00e3o e desenvolvimento de gestores.<\/em><\/p>\n\n\n\n<p id=\"viewer-2meci\"><em>Foto: banco de imagens<\/em><\/p>\n\n\n\n<p id=\"viewer-2crq1\">Na data que se comemora o Dia Internacional da Mulher, 8 de mar\u00e7o, o programa Transforma Minas faz anivers\u00e1rio e completa tr\u00eas anos desde sua implanta\u00e7\u00e3o no Governo do Estado. O Programa, coordenado pela Secretaria de Estado de Planejamento e Gest\u00e3o (Seplag-MG), se tornou refer\u00eancia nacional em gest\u00e3o de pessoas, ao proporcionar inova\u00e7\u00e3o na forma de sele\u00e7\u00e3o e desenvolvimento de lideran\u00e7as na administra\u00e7\u00e3o p\u00fablica, com foco na melhoria da presta\u00e7\u00e3o dos servi\u00e7os.<\/p>\n\n\n\n<p id=\"viewer-3dhuf\">Segunda a Ag\u00eancia Minas, 111 mulheres j\u00e1 foram nomeadas at\u00e9 o momento em processos seletivos do Programa, o que representa 51,4% os cargos de lideran\u00e7a selecionados. Para a coordenadora do Transforma Minas, Luciana Cust\u00f3dio, o dado \u00e9 simb\u00f3lico na luta por igualdade de direitos e na import\u00e2ncia de garantir paridade de g\u00eanero nos ambientes de trabalho, nos \u00f3rg\u00e3os, nas entidades, nas institui\u00e7\u00f5es e em posi\u00e7\u00f5es de poder.<\/p>\n\n\n\n<p id=\"viewer-fkj62\">At\u00e9 o momento, foram realizados por meio do Transforma Minas 227 processos seletivos e 216 profissionais foram nomeados para cargos estrat\u00e9gicos e de lideran\u00e7a nos \u00f3rg\u00e3os e entidades do Executivo mineiro. Al\u00e9m disso, mais de 110 servidores do segundo escal\u00e3o e lideran\u00e7as regionais j\u00e1 participaram de a\u00e7\u00f5es de desempenho e desenvolvimento que comp\u00f5em as outras frentes de atua\u00e7\u00e3o do Programa. <em>Fonte: Ag\u00eancia Minas<\/em><\/p>\n","protected":false},"excerpt":{"rendered":"<p>O programa do Governo do Estado \u00e9 pioneiro no processo de sele\u00e7\u00e3o e desenvolvimento de gestores. Foto: banco de imagens Na data que se comemora o Dia Internacional da Mulher,<\/p>\n","protected":false},"author":1,"featured_media":7910,"comment_status":"open","ping_status":"open","sticky":false,"template":"","format":"standard","meta":{"footnotes":""},"categories":[1],"tags":[],"class_list":["post-7909","post","type-post","status-publish","format-standard","has-post-thumbnail","hentry","category-noticias"],"_links":{"self":[{"href":"https:\/\/revistahubclub.com.br\/portal\/wp-json\/wp\/v2\/posts\/7909","targetHints":{"allow":["GET"]}}],"collection":[{"href":"https:\/\/revistahubclub.com.br\/portal\/wp-json\/wp\/v2\/posts"}],"about":[{"href":"https:\/\/revistahubclub.com.br\/portal\/wp-json\/wp\/v2\/types\/post"}],"author":[{"embeddable":true,"href":"https:\/\/revistahubclub.com.br\/portal\/wp-json\/wp\/v2\/users\/1"}],"replies":[{"embeddable":true,"href":"https:\/\/revistahubclub.com.br\/portal\/wp-json\/wp\/v2\/comments?post=7909"}],"version-history":[{"count":1,"href":"https:\/\/revistahubclub.com.br\/portal\/wp-json\/wp\/v2\/posts\/7909\/revisions"}],"predecessor-version":[{"id":7911,"href":"https:\/\/revistahubclub.com.br\/portal\/wp-json\/wp\/v2\/posts\/7909\/revisions\/7911"}],"wp:featuredmedia":[{"embeddable":true,"href":"https:\/\/revistahubclub.com.br\/portal\/wp-json\/wp\/v2\/media\/7910"}],"wp:attachment":[{"href":"https:\/\/revistahubclub.com.br\/portal\/wp-json\/wp\/v2\/media?parent=7909"}],"wp:term":[{"taxonomy":"category","embeddable":true,"href":"https:\/\/revistahubclub.com.br\/portal\/wp-json\/wp\/v2\/categories?post=7909"},{"taxonomy":"post_tag","embeddable":true,"href":"https:\/\/revistahubclub.com.br\/portal\/wp-json\/wp\/v2\/tags?post=7909"}],"curies":[{"name":"wp","href":"https:\/\/api.w.org\/{rel}","templated":true}]}}