{"id":7927,"date":"2022-03-09T09:58:00","date_gmt":"2022-03-09T12:58:00","guid":{"rendered":"https:\/\/revistahubclub.com.br\/portal\/?p=7927"},"modified":"2024-12-26T09:59:00","modified_gmt":"2024-12-26T12:59:00","slug":"pais-e-alunos-participam-da-apresentacao-oficial-do-pacto-pela-alfabetizacao-de-uberlandia","status":"publish","type":"post","link":"https:\/\/revistahubclub.com.br\/portal\/2022\/03\/09\/pais-e-alunos-participam-da-apresentacao-oficial-do-pacto-pela-alfabetizacao-de-uberlandia\/","title":{"rendered":"Pais e alunos participam da apresenta\u00e7\u00e3o oficial do Pacto pela Alfabetiza\u00e7\u00e3o de Uberl\u00e2ndia"},"content":{"rendered":"\n<p id=\"viewer-c72i6\"><em>Al\u00e9m da apresenta\u00e7\u00e3o do programa aos pais, alunos far\u00e3o juramento simb\u00f3lico<\/em><\/p>\n\n\n\n<p id=\"viewer-b8ia3\">O Instituto Projeto de Vida e a Prefeitura de Uberl\u00e2ndia realizam nesta quarta-feira (9), \u00e0s 18h, uma apresenta\u00e7\u00e3o oficial para a comunidade escolar do Pacto pela Alfabetiza\u00e7\u00e3o, lan\u00e7ado no in\u00edcio de fevereiro. A Escola Municipal Prof. Maria Leonor de Feitas Barbosa, no bairro Roosevelt, foi a escolhida para representar todas as escolas da rede. Na oportunidade, os alunos do 1\u00ba, 2\u00ba e 3\u00ba anos da educa\u00e7\u00e3o b\u00e1sica tamb\u00e9m far\u00e3o um juramento simb\u00f3lico, onde se comprometem a se dedicar ao processo de alfabetiza\u00e7\u00e3o com empenho e alegria.<\/p>\n\n\n\n<p id=\"viewer-f0feq\">Durante toda a semana, os familiares ser\u00e3o recebidos nas 54 escolas municipais para apresenta\u00e7\u00e3o do projeto e aumentar a conscientiza\u00e7\u00e3o sobre a import\u00e2ncia da participa\u00e7\u00e3o familiar no processo de aprendizagem.<\/p>\n\n\n\n<p id=\"viewer-5p7pl\">De acordo com a diretora executiva do Instituto Raiar, Jaqueline Machado, respons\u00e1vel pela gest\u00e3o e parceira do Instituto Projeto de Vida na execu\u00e7\u00e3o do Pacto, para ajudar as crian\u00e7as no processo de alfabetiza\u00e7\u00e3o, a fam\u00edlia deve participar ativamente da rotina de estudos. A frequ\u00eancia e pontualidade tamb\u00e9m s\u00e3o elementos muito importantes, especialmente no ensino estruturado.<\/p>\n\n\n\n<p id=\"viewer-fggvf\">\u201cO que estamos fazendo nesse momento \u00e9 apresentar o Pacto pela Alfabetiza\u00e7\u00e3o e sensibilizando as fam\u00edlias para que elas se engajem nessa proposta de construir uma cidade alfabetizadora. Tamb\u00e9m queremos criar um v\u00ednculo entre escola e fam\u00edlia, por meio de uma aproxima\u00e7\u00e3o com os professores. Temos no Pa\u00eds uma realidade em que mais da metade das crian\u00e7as chegam ao terceiro ano sem saber ler. Com a pandemia, isso que j\u00e1 era ruim, ficou muito pior. E o Pacto vem nessa perspectiva de alfabetizar os alunos do 1\u00ba ano e recuperar a alfabetiza\u00e7\u00e3o do 2\u00ba ao 5\u00ba anos. O programa contempla um protocolo onde todos os envolvidos, pais, crian\u00e7as e professores, sejam engajados nesta semana para ajudar a transformar o cen\u00e1rio da educa\u00e7\u00e3o e do desenvolvimento social na cidade de Uberl\u00e2ndia\u201d, pontua.<\/p>\n\n\n\n<p id=\"viewer-118dj\">Segundo a presidente executiva do Instituto Projeto de Vida, Raquel Garcia, o Pacto pela Alfabetiza\u00e7\u00e3o n\u00e3o \u00e9 um desafio trivial, mas a implanta\u00e7\u00e3o de uma pol\u00edtica p\u00fablica para toda uma rede de educa\u00e7\u00e3o. \u201cDentro desse contexto, consideramos a fam\u00edlia um elemento muito importante no processo. Eles podem contribuir e muito com a frequ\u00eancia escolar. Para a crian\u00e7a aprender a ler, ela precisa estar dentro da escola todos os dias. Nessa metodologia, cada dia as crian\u00e7as aprendem uma coisa nova. Ent\u00e3o, todos fazem grande diferen\u00e7a. Outro aspecto a ser trabalhado muito com os pais \u00e9 a import\u00e2ncia de aprender a ler no primeiro ano. Queremos despertar a conscientiza\u00e7\u00e3o dos pais sobre o que acontece quando uma crian\u00e7a aprende a ler no primeiro ano e o que acontece quando isso n\u00e3o ocorre e como eles podem apoiar em casa. \u00c9 fundamental que os familiares incentivem a crian\u00e7a a fazer o dever de casa, que leiam para ela\u201d, esclarece.<\/p>\n\n\n\n<p id=\"viewer-am0tk\">Para o presidente da Associa\u00e7\u00e3o Comercial e Industrial de Uberl\u00e2ndia (Aciub), Paulo Romes Junqueira, que apoia o programa, essa iniciativa visa mobilizar as fam\u00edlias para que elas contribuam com o desafio que Uberl\u00e2ndia decidiu executar, que \u00e9 alfabetizar as crian\u00e7as do primeiro ano.<\/p>\n\n\n\n<p id=\"viewer-fverk\"><strong>Sobre o Pacto pela Alfabetiza\u00e7\u00e3o<\/strong><\/p>\n\n\n\n<p id=\"viewer-edttm\">O Pacto pela Alfabetiza\u00e7\u00e3o atua para garantir o direito constitucional de cada crian\u00e7a \u00e0 educa\u00e7\u00e3o b\u00e1sica de qualidade. Utiliza uma metodologia baseada em evid\u00eancias que permite acompanhar o desenvolvimento de cada aluno, cada turma e cada escola, avaliando conquistas e corrigindo lacunas de aprendizagem sempre que necess\u00e1rio. O programa ir\u00e1 beneficiar 20 mil crian\u00e7as da rede municipal de Uberl\u00e2ndia e ainda oferecer apoio \u00e0 pr\u00e1tica pedag\u00f3gica dos professores, por meio de capacita\u00e7\u00f5es. O Programa ainda realiza modelagem de gest\u00e3o, qualificando os processos da coordena\u00e7\u00e3o \u00e0 execu\u00e7\u00e3o da aprendizagem; e incentiva a atua\u00e7\u00e3o em rede, unindo pais, professores, gestores e demais membros da comunidade escolar pelo sonho da alfabetiza\u00e7\u00e3o.<\/p>\n\n\n\n<p id=\"viewer-bp8lv\">Mais informa\u00e7\u00f5es: <a target=\"_blank\" href=\"http:\/\/pactopelaalfabetizacao.com.br\/\" rel=\"noreferrer noopener\">pactopelaalfabetizacao.com.br<\/a><\/p>\n","protected":false},"excerpt":{"rendered":"<p>Al\u00e9m da apresenta\u00e7\u00e3o do programa aos pais, alunos far\u00e3o juramento simb\u00f3lico O Instituto Projeto de Vida e a Prefeitura de Uberl\u00e2ndia realizam nesta quarta-feira (9), \u00e0s 18h, uma apresenta\u00e7\u00e3o oficial<\/p>\n","protected":false},"author":1,"featured_media":7928,"comment_status":"open","ping_status":"open","sticky":false,"template":"","format":"standard","meta":{"footnotes":""},"categories":[1],"tags":[],"class_list":["post-7927","post","type-post","status-publish","format-standard","has-post-thumbnail","hentry","category-noticias"],"_links":{"self":[{"href":"https:\/\/revistahubclub.com.br\/portal\/wp-json\/wp\/v2\/posts\/7927","targetHints":{"allow":["GET"]}}],"collection":[{"href":"https:\/\/revistahubclub.com.br\/portal\/wp-json\/wp\/v2\/posts"}],"about":[{"href":"https:\/\/revistahubclub.com.br\/portal\/wp-json\/wp\/v2\/types\/post"}],"author":[{"embeddable":true,"href":"https:\/\/revistahubclub.com.br\/portal\/wp-json\/wp\/v2\/users\/1"}],"replies":[{"embeddable":true,"href":"https:\/\/revistahubclub.com.br\/portal\/wp-json\/wp\/v2\/comments?post=7927"}],"version-history":[{"count":1,"href":"https:\/\/revistahubclub.com.br\/portal\/wp-json\/wp\/v2\/posts\/7927\/revisions"}],"predecessor-version":[{"id":7929,"href":"https:\/\/revistahubclub.com.br\/portal\/wp-json\/wp\/v2\/posts\/7927\/revisions\/7929"}],"wp:featuredmedia":[{"embeddable":true,"href":"https:\/\/revistahubclub.com.br\/portal\/wp-json\/wp\/v2\/media\/7928"}],"wp:attachment":[{"href":"https:\/\/revistahubclub.com.br\/portal\/wp-json\/wp\/v2\/media?parent=7927"}],"wp:term":[{"taxonomy":"category","embeddable":true,"href":"https:\/\/revistahubclub.com.br\/portal\/wp-json\/wp\/v2\/categories?post=7927"},{"taxonomy":"post_tag","embeddable":true,"href":"https:\/\/revistahubclub.com.br\/portal\/wp-json\/wp\/v2\/tags?post=7927"}],"curies":[{"name":"wp","href":"https:\/\/api.w.org\/{rel}","templated":true}]}}