{"id":7933,"date":"2022-03-08T09:59:00","date_gmt":"2022-03-08T12:59:00","guid":{"rendered":"https:\/\/revistahubclub.com.br\/portal\/?p=7933"},"modified":"2024-12-26T09:59:55","modified_gmt":"2024-12-26T12:59:55","slug":"conselho-universitario-aprova-volta-das-aulas-presenciais-nos-cursos-de-graduacao-da-ufu","status":"publish","type":"post","link":"https:\/\/revistahubclub.com.br\/portal\/2022\/03\/08\/conselho-universitario-aprova-volta-das-aulas-presenciais-nos-cursos-de-graduacao-da-ufu\/","title":{"rendered":"Conselho universit\u00e1rio aprova volta das aulas presenciais nos cursos de gradua\u00e7\u00e3o da UFU"},"content":{"rendered":"\n<p id=\"viewer-foo\"><em>Com mais de cem votos a favor, as aulas devem retornar no dia 2 de maio de 2022.<\/em><\/p>\n\n\n\n<p id=\"viewer-e5gf3\"><em>Foto: Milton Santos<\/em><\/p>\n\n\n\n<p id=\"viewer-etct6\">O Conselho Universit\u00e1rio da Universidade Federal de Uberl\u00e2ndia (Consun\/UFU) aprovou, por 107 votos favor\u00e1veis, 5 contr\u00e1rios e 3 absten\u00e7\u00f5es, o retorno \u00e0s atividades curriculares na modalidade presencial, referentes ao semestre letivo 2021\/2 dos cursos de gradua\u00e7\u00e3o da UFU, com in\u00edcio no dia 2 de maio de 2022.<\/p>\n\n\n\n<p id=\"viewer-5mveh\">De acordo com a titular da Pr\u00f3-Reitoria de Gradua\u00e7\u00e3o (Prograd), professora K\u00e1rem Ribeiro, considerando o est\u00e1gio atual da pandemia e a cobertura vacinal alcan\u00e7ada e, ainda, os pedidos da comunidade acad\u00eamica &#8211; em especial, a discente -, a UFU retornar\u00e1 \u00e0s atividades letivas de forma presencial prioritariamente: \u201cContinuaremos acompanhando a evolu\u00e7\u00e3o dos \u00edndices e, com a certeza de que a preserva\u00e7\u00e3o da sa\u00fade dos membros de nossa comunidade \u00e9 imprescind\u00edvel, estaremos atentos \u00e0s eventuais necessidades de adapta\u00e7\u00f5es.\u201d<\/p>\n\n\n\n<p id=\"viewer-fe4t5\"><em>Fonte: Por Fabiano Goulart | Comunica UFU<\/em><\/p>\n","protected":false},"excerpt":{"rendered":"<p>Com mais de cem votos a favor, as aulas devem retornar no dia 2 de maio de 2022. Foto: Milton Santos O Conselho Universit\u00e1rio da Universidade Federal de Uberl\u00e2ndia (Consun\/UFU)<\/p>\n","protected":false},"author":1,"featured_media":7934,"comment_status":"open","ping_status":"open","sticky":false,"template":"","format":"standard","meta":{"footnotes":""},"categories":[1],"tags":[],"class_list":["post-7933","post","type-post","status-publish","format-standard","has-post-thumbnail","hentry","category-noticias"],"_links":{"self":[{"href":"https:\/\/revistahubclub.com.br\/portal\/wp-json\/wp\/v2\/posts\/7933","targetHints":{"allow":["GET"]}}],"collection":[{"href":"https:\/\/revistahubclub.com.br\/portal\/wp-json\/wp\/v2\/posts"}],"about":[{"href":"https:\/\/revistahubclub.com.br\/portal\/wp-json\/wp\/v2\/types\/post"}],"author":[{"embeddable":true,"href":"https:\/\/revistahubclub.com.br\/portal\/wp-json\/wp\/v2\/users\/1"}],"replies":[{"embeddable":true,"href":"https:\/\/revistahubclub.com.br\/portal\/wp-json\/wp\/v2\/comments?post=7933"}],"version-history":[{"count":1,"href":"https:\/\/revistahubclub.com.br\/portal\/wp-json\/wp\/v2\/posts\/7933\/revisions"}],"predecessor-version":[{"id":7935,"href":"https:\/\/revistahubclub.com.br\/portal\/wp-json\/wp\/v2\/posts\/7933\/revisions\/7935"}],"wp:featuredmedia":[{"embeddable":true,"href":"https:\/\/revistahubclub.com.br\/portal\/wp-json\/wp\/v2\/media\/7934"}],"wp:attachment":[{"href":"https:\/\/revistahubclub.com.br\/portal\/wp-json\/wp\/v2\/media?parent=7933"}],"wp:term":[{"taxonomy":"category","embeddable":true,"href":"https:\/\/revistahubclub.com.br\/portal\/wp-json\/wp\/v2\/categories?post=7933"},{"taxonomy":"post_tag","embeddable":true,"href":"https:\/\/revistahubclub.com.br\/portal\/wp-json\/wp\/v2\/tags?post=7933"}],"curies":[{"name":"wp","href":"https:\/\/api.w.org\/{rel}","templated":true}]}}