{"id":7942,"date":"2022-03-07T10:01:00","date_gmt":"2022-03-07T13:01:00","guid":{"rendered":"https:\/\/revistahubclub.com.br\/portal\/?p=7942"},"modified":"2024-12-26T10:01:55","modified_gmt":"2024-12-26T13:01:55","slug":"fundacao-cdl-uberlandia-abre-inscricoes-para-seis-novos-cursos","status":"publish","type":"post","link":"https:\/\/revistahubclub.com.br\/portal\/2022\/03\/07\/fundacao-cdl-uberlandia-abre-inscricoes-para-seis-novos-cursos\/","title":{"rendered":"Funda\u00e7\u00e3o CDL Uberl\u00e2ndia abre inscri\u00e7\u00f5es para seis novos cursos"},"content":{"rendered":"\n<p id=\"viewer-foo\">Com o intuito de trazer mais conhecimento e proporcionar o desenvolvimento a empres\u00e1rios e suas equipes, a Funda\u00e7\u00e3o CDL Uberl\u00e2ndia est\u00e1 com uma agenda de seis cursos presenciais para mar\u00e7o.<\/p>\n\n\n\n<p id=\"viewer-14aev\">Temas como Constru\u00e7\u00e3o da marca pessoal no Linkedin, Inform\u00e1tica b\u00e1sica, Vendas com atendimento de impacto, Assistente Financeiro, Planejamento Estrat\u00e9gico, Cargos e Sal\u00e1rios est\u00e3o entre os mais procurados. S\u00e3o assuntos relevantes e \u00fateis para atualizar o conhecimento, al\u00e9m de ajudar a incrementar o curr\u00edculo.<\/p>\n\n\n\n<p id=\"viewer-8vhvn\">Segundo a gerente executiva da Funda\u00e7\u00e3o CDL Uberl\u00e2ndia, B\u00e2nia Vieira Poli, o bom profissional est\u00e1 sempre buscando se aperfei\u00e7oar. \u201cO estudo \u00e9 sempre fundamental para se desenvolver profissionalmente e para se destacar no mercado de trabalho. Para a elabora\u00e7\u00e3o do cronograma, n\u00f3s estamos atentos as demandas do mercado de trabalho e dos alunos. Temos consultores com expertise em muitas \u00e1reas do conhecimento que est\u00e3o conosco nessa jornada do aprendizado e t\u00eam contribu\u00eddo muito para o crescimento profissional de muitas pessoas\u201d, destaca.<\/p>\n\n\n\n<p id=\"viewer-brma7\">Os interessados j\u00e1 podem se inscrever para os cursos presenciais de capacita\u00e7\u00e3o, que acontecem sempre na CDL, no per\u00edodo da noite e com carga hor\u00e1ria de 9 a 12 horas.<\/p>\n\n\n\n<p id=\"viewer-5633c\">Confira a agenda:<\/p>\n\n\n\n<p id=\"viewer-9jndh\">Mar\u00e7o<\/p>\n\n\n\n<p id=\"viewer-i0oc\">Construa sua marca pessoal no Linkedin<\/p>\n\n\n\n<p id=\"viewer-bvh7\">Per\u00edodo: 08 a 10\/03<\/p>\n\n\n\n<p id=\"viewer-br6cf\">Hor\u00e1rio: 19h \u00e0s 22h<\/p>\n\n\n\n<p id=\"viewer-fkiv0\">Carga hor\u00e1ria: 09h<\/p>\n\n\n\n<p id=\"viewer-e4ri4\">Inform\u00e1tica b\u00e1sica<\/p>\n\n\n\n<p id=\"viewer-c9rc4\">Per\u00edodo: 07 a 10\/03<\/p>\n\n\n\n<p id=\"viewer-1ose1\">Hor\u00e1rio: 19h \u00e0s 22h<\/p>\n\n\n\n<p id=\"viewer-8hohb\">Carga hor\u00e1ria: 12h<\/p>\n\n\n\n<p id=\"viewer-8trk7\">Vendas com atendimento de impacto<\/p>\n\n\n\n<p id=\"viewer-24frk\">Per\u00edodo: 08 a 10\/03<\/p>\n\n\n\n<p id=\"viewer-dc9aq\">Hor\u00e1rio: 19h \u00e0s 22h<\/p>\n\n\n\n<p id=\"viewer-7g9ob\">Carga hor\u00e1ria: 09h<\/p>\n\n\n\n<p id=\"viewer-apvt1\">Assistente Financeiro<\/p>\n\n\n\n<p id=\"viewer-46f4t\">Per\u00edodo: 21 a 24\/03<\/p>\n\n\n\n<p id=\"viewer-5h3e5\">Hor\u00e1rio: 19h \u00e0s 22h<\/p>\n\n\n\n<p id=\"viewer-cmind\">Carga hor\u00e1ria: 12h<\/p>\n\n\n\n<p id=\"viewer-8vdvk\">Planejamento Estrat\u00e9gico<\/p>\n\n\n\n<p id=\"viewer-1b0el\">Per\u00edodo: 22 a 24\/03<\/p>\n\n\n\n<p id=\"viewer-9k274\">Hor\u00e1rio: 19h \u00e0s 22h<\/p>\n\n\n\n<p id=\"viewer-82g1s\">Carga hor\u00e1ria: 09h<\/p>\n\n\n\n<p id=\"viewer-a06tg\">Cargos e sal\u00e1rios<\/p>\n\n\n\n<p id=\"viewer-a06tg\">Per\u00edodo: 21 a 24\/03<\/p>\n\n\n\n<p id=\"viewer-9n5qr\">Hor\u00e1rio: 19h \u00e0s 22h<\/p>\n\n\n\n<p id=\"viewer-2gi6i\">Carga hor\u00e1ria: 12h<\/p>\n\n\n\n<p id=\"viewer-2oln\">Mais informa\u00e7\u00f5es e inscri\u00e7\u00f5es sobre os cursos pelo telefone (34) 3239-3413 ou pelo e-mail <a target=\"_blank\" href=\"mailto:comercial@cdludi.org.br\" rel=\"noreferrer noopener\">comercial@cdludi.org.br<\/a>.<\/p>\n","protected":false},"excerpt":{"rendered":"<p>Com o intuito de trazer mais conhecimento e proporcionar o desenvolvimento a empres\u00e1rios e suas equipes, a Funda\u00e7\u00e3o CDL Uberl\u00e2ndia est\u00e1 com uma agenda de seis cursos presenciais para mar\u00e7o.<\/p>\n","protected":false},"author":1,"featured_media":7943,"comment_status":"open","ping_status":"open","sticky":false,"template":"","format":"standard","meta":{"footnotes":""},"categories":[1],"tags":[],"class_list":["post-7942","post","type-post","status-publish","format-standard","has-post-thumbnail","hentry","category-noticias"],"_links":{"self":[{"href":"https:\/\/revistahubclub.com.br\/portal\/wp-json\/wp\/v2\/posts\/7942","targetHints":{"allow":["GET"]}}],"collection":[{"href":"https:\/\/revistahubclub.com.br\/portal\/wp-json\/wp\/v2\/posts"}],"about":[{"href":"https:\/\/revistahubclub.com.br\/portal\/wp-json\/wp\/v2\/types\/post"}],"author":[{"embeddable":true,"href":"https:\/\/revistahubclub.com.br\/portal\/wp-json\/wp\/v2\/users\/1"}],"replies":[{"embeddable":true,"href":"https:\/\/revistahubclub.com.br\/portal\/wp-json\/wp\/v2\/comments?post=7942"}],"version-history":[{"count":3,"href":"https:\/\/revistahubclub.com.br\/portal\/wp-json\/wp\/v2\/posts\/7942\/revisions"}],"predecessor-version":[{"id":7946,"href":"https:\/\/revistahubclub.com.br\/portal\/wp-json\/wp\/v2\/posts\/7942\/revisions\/7946"}],"wp:featuredmedia":[{"embeddable":true,"href":"https:\/\/revistahubclub.com.br\/portal\/wp-json\/wp\/v2\/media\/7943"}],"wp:attachment":[{"href":"https:\/\/revistahubclub.com.br\/portal\/wp-json\/wp\/v2\/media?parent=7942"}],"wp:term":[{"taxonomy":"category","embeddable":true,"href":"https:\/\/revistahubclub.com.br\/portal\/wp-json\/wp\/v2\/categories?post=7942"},{"taxonomy":"post_tag","embeddable":true,"href":"https:\/\/revistahubclub.com.br\/portal\/wp-json\/wp\/v2\/tags?post=7942"}],"curies":[{"name":"wp","href":"https:\/\/api.w.org\/{rel}","templated":true}]}}