{"id":7956,"date":"2022-03-04T10:03:00","date_gmt":"2022-03-04T13:03:00","guid":{"rendered":"https:\/\/revistahubclub.com.br\/portal\/?p=7956"},"modified":"2024-12-26T10:03:36","modified_gmt":"2024-12-26T13:03:36","slug":"no-mes-das-mulheres-cdl-uberlandia-divulga-pesquisa-e-acoes-voltadas-para-o-universo-feminino","status":"publish","type":"post","link":"https:\/\/revistahubclub.com.br\/portal\/2022\/03\/04\/no-mes-das-mulheres-cdl-uberlandia-divulga-pesquisa-e-acoes-voltadas-para-o-universo-feminino\/","title":{"rendered":"No m\u00eas das Mulheres, CDL Uberl\u00e2ndia divulga pesquisa e a\u00e7\u00f5es voltadas para o universo feminino"},"content":{"rendered":"\n<p id=\"viewer-5n45c\">No pr\u00f3ximo dia 8 de mar\u00e7o, comemora-se o Dia Internacional da Mulher, uma data que enaltece o protagonismo feminino e as grandes lutas por mais autonomia e igualdade.<\/p>\n\n\n\n<p id=\"viewer-fpjkr\">Hoje, elas dominam grande parte do mercado de trabalho, s\u00e3o financeiramente independentes e possuem forte influ\u00eancia e poder na decis\u00e3o de compra. S\u00e3o l\u00edderes, empreendedoras, m\u00e3es, filhas, contribuintes e cidad\u00e3s ativas que ainda enfrentam grandes desafios para conquistar o espa\u00e7o e o reconhecimento que merecem.<\/p>\n\n\n\n<p id=\"viewer-8s3uj\">De acordo com uma pesquisa realizada pela CDL Uberl\u00e2ndia, 48% das mulheres assumem o papel de principal na renda familiar e 56% s\u00e3o as principais decisoras de compra.<\/p>\n\n\n\n<p id=\"viewer-ae5oh\">Com rela\u00e7\u00e3o aos t\u00f3picos Educa\u00e7\u00e3o e Carreira, 45% delas concluiu o ensino m\u00e9dio e 37% t\u00eam gradua\u00e7\u00e3o completa.<\/p>\n\n\n\n<p id=\"viewer-91m3q\">Embora grande parte possua diploma de ensino superior e a qualifica\u00e7\u00e3o necess\u00e1ria, apenas 18% ocupam cargos de lideran\u00e7a e gest\u00e3o. 37% das entrevistadas atuam na \u00e1rea de vendas ou marketing e 30% trabalham no setor administrativo, t\u00e9cnico ou operacional.<\/p>\n\n\n\n<p id=\"viewer-26o7o\">O empreendedorismo feminino tamb\u00e9m vem ganhando espa\u00e7o. 15% das respondentes j\u00e1 s\u00e3o donas de seus pr\u00f3prios neg\u00f3cios, gerando mais empregos e renda para nossa cidade.<\/p>\n\n\n\n<p id=\"viewer-d16ll\">Para inspirar mais mulheres a idealizar o sonho de empreender, CDL Uberl\u00e2ndia oferece o servi\u00e7o DICA DE NEG\u00d3CIO, uma consultoria gratuita com especialistas em diversas \u00e1reas de atua\u00e7\u00e3o para tirar d\u00favidas e definir as melhores estrat\u00e9gias para alcan\u00e7ar o objetivo desejado. Para contar com esse apoio extra, ligue e agende o seu hor\u00e1rio: (34) 3239-3413.<\/p>\n\n\n\n<p id=\"viewer-c99vu\">CNDL REALIZA A\u00c7\u00d5ES PELO DESENVOLVIMENTO DAS EMPREENDEDORAS<\/p>\n\n\n\n<p id=\"viewer-6taur\">Durante o M\u00eas da Mulher, a Confedera\u00e7\u00e3o Nacional de Dirigentes Lojistas (CNDL), sistema da qual faz parte a CDL Uberl\u00e2ndia, veicular\u00e1 semanalmente podcasts especiais sobre o universo feminino com a participa\u00e7\u00e3o de especialistas, que debater\u00e3o assuntos como mercado de trabalho, vida pessoal, maternidade, preconceitos, moda, diversidade, entre outros temas relevantes.<\/p>\n\n\n\n<p id=\"viewer-efopo\">No dia 09 de mar\u00e7o, a entidade lan\u00e7a tamb\u00e9m a cartilha MULHERES QUE CONSTROEM O VAREJO: perfil da mulher empreendedora no Brasil e a\u00e7\u00f5es para alcan\u00e7ar neg\u00f3cios de sucesso\u201d, um trabalho feito em parceria com a Secretaria da Mulher do Senado Federal.<\/p>\n\n\n\n<p id=\"viewer-2g7c3\">O lan\u00e7amento ser\u00e1 realizado tamb\u00e9m por uma live transmitida pelo Youtube e contar\u00e1 com a participa\u00e7\u00e3o da senadora federal Simone Tebet (MDB-MS); a l\u00edder da bancada feminina no Senado Federal, a senadora Eliziane Gama (CIDADANIA-MA); a procuradora da Mulher no senado Federal, Leila Barros (CIDADANIA-DF); a presidente da CDL Jovem Natal, Giovana Andrade; da diretora da CNDL e presidente da FCDL\/MA \u2013 Federa\u00e7\u00e3o das C\u00e2maras de Dirigentes Lojistas do Maranh\u00e3o, Socorro Noronha; a gerente Jur\u00eddica do SPC Brasil, Vivian Amorim; e a gerente da Secretaria Geral da CDL Fortaleza, Francisca Pinto de Mac\u00eado.<\/p>\n\n\n\n<p id=\"viewer-ae2of\">ACOMPANHE A RELA\u00c7\u00c3O DE EPIS\u00d3DIOS, LIVES E LINKS DE ACESSO AQUI:https:\/\/cndl.org.br\/varejosa\/podcast\/?utm_campaign=varejo_sa_podcast_especial_mulheres_-_ep_23&amp;utm_medium=email&amp;utm_source=RD+Station<\/p>\n\n\n\n<p id=\"viewer-4pb2p\">Epis\u00f3dio 23 \u2013 Empreendedora de Sucesso do Sistema CNDL<\/p>\n\n\n\n<p id=\"viewer-6ns7l\">Data de exibi\u00e7\u00e3o: 03 de mar\u00e7o<\/p>\n\n\n\n<p id=\"viewer-anrll\">Convidadas:<\/p>\n\n\n\n<p id=\"viewer-bj9ks\">Alessandra Camargos, Vacinar<\/p>\n\n\n\n<p id=\"viewer-dphi5\">Priscila Ferreira, \u00d3ticas Celso<\/p>\n\n\n\n<p id=\"viewer-d2oig\">L\u00facia Leijoto, CNDL<\/p>\n\n\n\n<p id=\"viewer-3mhcm\">Epis\u00f3dio 24 \u2013 Desafios da mulher brasileira\u202f\u202f<\/p>\n\n\n\n<p id=\"viewer-e0vn1\">Data de exibi\u00e7\u00e3o: 09 de mar\u00e7o<\/p>\n\n\n\n<p id=\"viewer-enc0r\">Convidadas:<\/p>\n\n\n\n<p id=\"viewer-duskd\">Valeska Zanello, UNB<\/p>\n\n\n\n<p id=\"viewer-3pul0\">Thamires Gomes, Sunday Slices<\/p>\n\n\n\n<p id=\"viewer-886l9\">Epis\u00f3dio 25 \u2013 Desafios para o empreendedorismo feminino\u202f<\/p>\n\n\n\n<p id=\"viewer-1df6a\">Data de exibi\u00e7\u00e3o: 16 de mar\u00e7o<\/p>\n\n\n\n<p id=\"viewer-1fui4\">Convidadas:<\/p>\n\n\n\n<p id=\"viewer-ftofh\">Renata Malheiros, Coordenadora Nacional Sebrae Delas<\/p>\n\n\n\n<p id=\"viewer-esn3a\">C\u00e9lia Kano, Co-CEO da Rede de Mulheres Empreendedoras<\/p>\n\n\n\n<p id=\"viewer-baols\">Malu Fontes, VP CDL Natal<\/p>\n\n\n\n<p id=\"viewer-1egmk\">Epis\u00f3dio 26 \u2013 Pesquisa Perfil da Mulher Empreendedora, da CNDL\u202f<\/p>\n\n\n\n<p id=\"viewer-fg28n\">Data de exibi\u00e7\u00e3o: 23 de mar\u00e7o<\/p>\n\n\n\n<p id=\"viewer-c9vo5\">Convidadas:<\/p>\n\n\n\n<p id=\"viewer-48l5d\">Merula Borges<\/p>\n\n\n\n<p id=\"viewer-e5bql\">Karoline Lima<\/p>\n\n\n\n<p id=\"viewer-v36\">L\u00facia Leijoto<\/p>\n\n\n\n<p id=\"viewer-16kjt\">Epis\u00f3dio 27 \u2013 Mulher, moda e beleza\u202f<\/p>\n\n\n\n<p id=\"viewer-e3ovr\">Data de exibi\u00e7\u00e3o: 30 de mar\u00e7o<\/p>\n\n\n\n<p id=\"viewer-5ja7d\">Convidadas:<\/p>\n\n\n\n<p id=\"viewer-avq8b\">Lilian Lemos, Consultora de Imagem<\/p>\n\n\n\n<p id=\"viewer-8qaf4\">Andreza Castanheira, Consultora de Estilo<\/p>\n\n\n\n<p id=\"viewer-ajv3q\">Lives<\/p>\n\n\n\n<p id=\"viewer-4go0h\">Os desafios da mulher no mercado de trabalho<\/p>\n\n\n\n<p id=\"viewer-40v4n\">Quando: 08\/03, das 09h \u00e0s 11h<\/p>\n\n\n\n<p id=\"viewer-9bevg\">Onde: transmiss\u00e3o ao vivo pelo canal da CNDL no Youtube.<\/p>\n\n\n\n<p id=\"viewer-f7r9p\">Lan\u00e7amento da cartilha \u2013 Mulheres que Constroem o Varejo: perfil da mulher empreendedora no Brasil e a\u00e7\u00f5es para alcan\u00e7ar neg\u00f3cios de sucesso<\/p>\n\n\n\n<p id=\"viewer-c2oqp\">Quando: 09\/03, das 09h \u00e0s 11h<\/p>\n\n\n\n<p id=\"viewer-7s7m5\">Onde: transmiss\u00e3o ao vivo pelo canal da CNDL no Youtube.<\/p>\n","protected":false},"excerpt":{"rendered":"<p>No pr\u00f3ximo dia 8 de mar\u00e7o, comemora-se o Dia Internacional da Mulher, uma data que enaltece o protagonismo feminino e as grandes lutas por mais autonomia e igualdade. Hoje, elas<\/p>\n","protected":false},"author":1,"featured_media":7957,"comment_status":"open","ping_status":"open","sticky":false,"template":"","format":"standard","meta":{"footnotes":""},"categories":[1],"tags":[],"class_list":["post-7956","post","type-post","status-publish","format-standard","has-post-thumbnail","hentry","category-noticias"],"_links":{"self":[{"href":"https:\/\/revistahubclub.com.br\/portal\/wp-json\/wp\/v2\/posts\/7956","targetHints":{"allow":["GET"]}}],"collection":[{"href":"https:\/\/revistahubclub.com.br\/portal\/wp-json\/wp\/v2\/posts"}],"about":[{"href":"https:\/\/revistahubclub.com.br\/portal\/wp-json\/wp\/v2\/types\/post"}],"author":[{"embeddable":true,"href":"https:\/\/revistahubclub.com.br\/portal\/wp-json\/wp\/v2\/users\/1"}],"replies":[{"embeddable":true,"href":"https:\/\/revistahubclub.com.br\/portal\/wp-json\/wp\/v2\/comments?post=7956"}],"version-history":[{"count":1,"href":"https:\/\/revistahubclub.com.br\/portal\/wp-json\/wp\/v2\/posts\/7956\/revisions"}],"predecessor-version":[{"id":7958,"href":"https:\/\/revistahubclub.com.br\/portal\/wp-json\/wp\/v2\/posts\/7956\/revisions\/7958"}],"wp:featuredmedia":[{"embeddable":true,"href":"https:\/\/revistahubclub.com.br\/portal\/wp-json\/wp\/v2\/media\/7957"}],"wp:attachment":[{"href":"https:\/\/revistahubclub.com.br\/portal\/wp-json\/wp\/v2\/media?parent=7956"}],"wp:term":[{"taxonomy":"category","embeddable":true,"href":"https:\/\/revistahubclub.com.br\/portal\/wp-json\/wp\/v2\/categories?post=7956"},{"taxonomy":"post_tag","embeddable":true,"href":"https:\/\/revistahubclub.com.br\/portal\/wp-json\/wp\/v2\/tags?post=7956"}],"curies":[{"name":"wp","href":"https:\/\/api.w.org\/{rel}","templated":true}]}}