{"id":7983,"date":"2022-02-28T10:07:00","date_gmt":"2022-02-28T13:07:00","guid":{"rendered":"https:\/\/revistahubclub.com.br\/portal\/?p=7983"},"modified":"2024-12-26T10:07:22","modified_gmt":"2024-12-26T13:07:22","slug":"sistema-de-saude-em-minas-gerais-ganha-reforco-de-550-novos-leitos-de-uti","status":"publish","type":"post","link":"https:\/\/revistahubclub.com.br\/portal\/2022\/02\/28\/sistema-de-saude-em-minas-gerais-ganha-reforco-de-550-novos-leitos-de-uti\/","title":{"rendered":"Sistema de Sa\u00fade em Minas Gerais ganha refor\u00e7o de 550 novos leitos de UTI"},"content":{"rendered":"\n<p id=\"viewer-foo\"><em>Outras 40 unidades pedi\u00e1tricas e diversos investimentos em equipamentos ficam como principal legado da pandemia no estado.<\/em><\/p>\n\n\n\n<p id=\"viewer-2es0u\"><em>Foto: Gil Leonardi \/ Imprensa MG<\/em><\/p>\n\n\n\n<p id=\"viewer-9fgp3\">Segundo a Ag\u00eancia Minas, o sistema p\u00fablico de sa\u00fade de Minas Gerais ganhou o refor\u00e7o de 550 novos leitos de UTI adulto e 40 pedi\u00e1tricos, criados durante a pandemia e, agora, foram incorporados aos hospitais. Com isso, o estado passou de 2.072 unidades de terapia intensiva para 2.622 em fevereiro deste ano, representando um crescimento de 26%. J\u00e1 os pedi\u00e1tricos saltaram de 194 para 234, no mesmo per\u00edodo.<\/p>\n\n\n\n<p id=\"viewer-8hm7s\">O aumento do n\u00famero de leitos, aliado aos investimentos para compra e distribui\u00e7\u00e3o de equipamentos em v\u00e1rias unidades de sa\u00fade, \u00e9 o maior legado deixado pela pandemia aos mineiros, conforme an\u00e1lise feita pelo secret\u00e1rio de Estado de Sa\u00fade, o m\u00e9dico F\u00e1bio Baccheretti, durante coletiva \u00e0 imprensa nesta sexta-feira (25\/2), na Cidade Administrativa, em Belo Horizonte.<\/p>\n\n\n\n<p id=\"viewer-8t53d\"><em>Fonte: Ag\u00eancia Minas<\/em><\/p>\n","protected":false},"excerpt":{"rendered":"<p>Outras 40 unidades pedi\u00e1tricas e diversos investimentos em equipamentos ficam como principal legado da pandemia no estado. Foto: Gil Leonardi \/ Imprensa MG Segundo a Ag\u00eancia Minas, o sistema p\u00fablico<\/p>\n","protected":false},"author":1,"featured_media":7984,"comment_status":"open","ping_status":"open","sticky":false,"template":"","format":"standard","meta":{"footnotes":""},"categories":[1],"tags":[],"class_list":["post-7983","post","type-post","status-publish","format-standard","has-post-thumbnail","hentry","category-noticias"],"_links":{"self":[{"href":"https:\/\/revistahubclub.com.br\/portal\/wp-json\/wp\/v2\/posts\/7983","targetHints":{"allow":["GET"]}}],"collection":[{"href":"https:\/\/revistahubclub.com.br\/portal\/wp-json\/wp\/v2\/posts"}],"about":[{"href":"https:\/\/revistahubclub.com.br\/portal\/wp-json\/wp\/v2\/types\/post"}],"author":[{"embeddable":true,"href":"https:\/\/revistahubclub.com.br\/portal\/wp-json\/wp\/v2\/users\/1"}],"replies":[{"embeddable":true,"href":"https:\/\/revistahubclub.com.br\/portal\/wp-json\/wp\/v2\/comments?post=7983"}],"version-history":[{"count":1,"href":"https:\/\/revistahubclub.com.br\/portal\/wp-json\/wp\/v2\/posts\/7983\/revisions"}],"predecessor-version":[{"id":7985,"href":"https:\/\/revistahubclub.com.br\/portal\/wp-json\/wp\/v2\/posts\/7983\/revisions\/7985"}],"wp:featuredmedia":[{"embeddable":true,"href":"https:\/\/revistahubclub.com.br\/portal\/wp-json\/wp\/v2\/media\/7984"}],"wp:attachment":[{"href":"https:\/\/revistahubclub.com.br\/portal\/wp-json\/wp\/v2\/media?parent=7983"}],"wp:term":[{"taxonomy":"category","embeddable":true,"href":"https:\/\/revistahubclub.com.br\/portal\/wp-json\/wp\/v2\/categories?post=7983"},{"taxonomy":"post_tag","embeddable":true,"href":"https:\/\/revistahubclub.com.br\/portal\/wp-json\/wp\/v2\/tags?post=7983"}],"curies":[{"name":"wp","href":"https:\/\/api.w.org\/{rel}","templated":true}]}}