{"id":7986,"date":"2022-02-28T10:07:00","date_gmt":"2022-02-28T13:07:00","guid":{"rendered":"https:\/\/revistahubclub.com.br\/portal\/?p=7986"},"modified":"2024-12-26T10:07:46","modified_gmt":"2024-12-26T13:07:46","slug":"estado-de-minas-gerais-acelera-vacinacao-infantil-contra-a-covid-19","status":"publish","type":"post","link":"https:\/\/revistahubclub.com.br\/portal\/2022\/02\/28\/estado-de-minas-gerais-acelera-vacinacao-infantil-contra-a-covid-19\/","title":{"rendered":"Estado de Minas Gerais acelera vacina\u00e7\u00e3o infantil contra a covid-19"},"content":{"rendered":"\n<p id=\"viewer-foo\"><em>Secret\u00e1rio de Sa\u00fade alerta para a necessidade de pais levarem os filhos para serem imunizados.<\/em><\/p>\n\n\n\n<p id=\"viewer-c2fv7\"><em>Foto: Cristiano Machado \/ Imprensa MG<\/em><\/p>\n\n\n\n<p id=\"viewer-1a482\">At\u00e9 p momento, j\u00e1 foram imunizados em Minas Gerais, 914.846 crian\u00e7as com idade entre 5 e 11 anos, o equivalente a 49,18% das 1.860.212 que podem ser vacinadas no estado. Os dados recentes da campanha de vacina\u00e7\u00e3o contra covid-19 foram apresentados pelo secret\u00e1rio de Estado de Sa\u00fade, o m\u00e9dico F\u00e1bio Baccheretti, que tamb\u00e9m destacou a acelera\u00e7\u00e3o do ritmo de imuniza\u00e7\u00e3o infantil nos \u00faltimos dias de fevereiro.<\/p>\n\n\n\n<p id=\"viewer-611cu\">&#8220;No come\u00e7o houve alguma desconfian\u00e7a, mas \u00e0 medida que foi havendo a procura e as pessoas foram constatando que n\u00e3o havia nada mais grave, esses pais ou respons\u00e1veis se sentiram mais seguros&#8221;, observou o secret\u00e1rio. &#8220;As fake news e desinforma\u00e7\u00e3o atrapalharam bastante, mas \u00e9 algo que est\u00e1 se alterando agora\u201d, ressaltou.<\/p>\n\n\n\n<p id=\"viewer-drtsf\">Al\u00e9m disso, o m\u00eas de fevereiro tamb\u00e9m atingiu a marca de 40% de doses de refor\u00e7o administradas para pessoas com mais de 18 anos, cerca de 6,8 milh\u00f5es de aplica\u00e7\u00f5es. Segundo o secret\u00e1rio, o atual cen\u00e1rio epidemiol\u00f3gico indica uma queda do n\u00famero de casos novos e tamb\u00e9m nas interna\u00e7\u00f5es hospitalares por covid.<\/p>\n\n\n\n<p id=\"viewer-bugo6\"><em>Fonte: Ag\u00eancia Minas<\/em><\/p>\n","protected":false},"excerpt":{"rendered":"<p>Secret\u00e1rio de Sa\u00fade alerta para a necessidade de pais levarem os filhos para serem imunizados. Foto: Cristiano Machado \/ Imprensa MG At\u00e9 p momento, j\u00e1 foram imunizados em Minas Gerais,<\/p>\n","protected":false},"author":1,"featured_media":7987,"comment_status":"open","ping_status":"open","sticky":false,"template":"","format":"standard","meta":{"footnotes":""},"categories":[1],"tags":[],"class_list":["post-7986","post","type-post","status-publish","format-standard","has-post-thumbnail","hentry","category-noticias"],"_links":{"self":[{"href":"https:\/\/revistahubclub.com.br\/portal\/wp-json\/wp\/v2\/posts\/7986","targetHints":{"allow":["GET"]}}],"collection":[{"href":"https:\/\/revistahubclub.com.br\/portal\/wp-json\/wp\/v2\/posts"}],"about":[{"href":"https:\/\/revistahubclub.com.br\/portal\/wp-json\/wp\/v2\/types\/post"}],"author":[{"embeddable":true,"href":"https:\/\/revistahubclub.com.br\/portal\/wp-json\/wp\/v2\/users\/1"}],"replies":[{"embeddable":true,"href":"https:\/\/revistahubclub.com.br\/portal\/wp-json\/wp\/v2\/comments?post=7986"}],"version-history":[{"count":1,"href":"https:\/\/revistahubclub.com.br\/portal\/wp-json\/wp\/v2\/posts\/7986\/revisions"}],"predecessor-version":[{"id":7988,"href":"https:\/\/revistahubclub.com.br\/portal\/wp-json\/wp\/v2\/posts\/7986\/revisions\/7988"}],"wp:featuredmedia":[{"embeddable":true,"href":"https:\/\/revistahubclub.com.br\/portal\/wp-json\/wp\/v2\/media\/7987"}],"wp:attachment":[{"href":"https:\/\/revistahubclub.com.br\/portal\/wp-json\/wp\/v2\/media?parent=7986"}],"wp:term":[{"taxonomy":"category","embeddable":true,"href":"https:\/\/revistahubclub.com.br\/portal\/wp-json\/wp\/v2\/categories?post=7986"},{"taxonomy":"post_tag","embeddable":true,"href":"https:\/\/revistahubclub.com.br\/portal\/wp-json\/wp\/v2\/tags?post=7986"}],"curies":[{"name":"wp","href":"https:\/\/api.w.org\/{rel}","templated":true}]}}