{"id":7989,"date":"2022-02-25T10:07:00","date_gmt":"2022-02-25T13:07:00","guid":{"rendered":"https:\/\/revistahubclub.com.br\/portal\/?p=7989"},"modified":"2024-12-26T10:08:07","modified_gmt":"2024-12-26T13:08:07","slug":"selo-cozinha-mineira-destaca-culinaria-como-patrimonio-cultural-do-estado","status":"publish","type":"post","link":"https:\/\/revistahubclub.com.br\/portal\/2022\/02\/25\/selo-cozinha-mineira-destaca-culinaria-como-patrimonio-cultural-do-estado\/","title":{"rendered":"Selo Cozinha Mineira destaca culin\u00e1ria como patrim\u00f4nio cultural do estado"},"content":{"rendered":"\n<p id=\"viewer-foo\"><em>Projeto procura fortalecer turismo cultural e estimular projetos ligados \u00e0 economia criativa da regi\u00e3o.<\/em><\/p>\n\n\n\n<p id=\"viewer-bldkp\"><em>Foto: Secult \/ Divulga\u00e7\u00e3o<\/em><\/p>\n\n\n\n<p id=\"viewer-4q6rf\">O Selo da Cozinha Mineira, iniciativa do Governo de Minas, por meio da Secretaria de Estado de Cultura e Turismo (Secult), \u00e9 um projeto \u201cmarca\u201d do projeto do Invent\u00e1rio da Cozinha Mineira, que visa reconhecer a culin\u00e1ria como patrim\u00f4nio cultural de Minas Gerais.<\/p>\n\n\n\n<p id=\"viewer-4qfnt\">O secret\u00e1rio da pasta, Le\u00f4nidas Oliveira, destacou que a iniciativa \u00e9 uma a\u00e7\u00e3o fundamental para fortalecer o turismo cultural em Minas e estimular projetos ligados \u00e0 economia criativa no estado. \u201cA cozinha mineira est\u00e1 relacionada ao turismo cultural, nessa transversalidade entre os dois segmentos. Em Minas, 71% do turismo \u00e9 cultural&#8221;, disse, em Tiradentes, cidade escolhida para sediar o evento.<\/p>\n\n\n\n<p id=\"viewer-2lo6u\">A Empresa Mineira de Comunica\u00e7\u00e3o (EMC), por meio da Rede Minas, se unui \u00e0 proposta e irpa transmitir a partir de s\u00e1bado (26\/2), \u00e0s 12h, o programa de culin\u00e1ria \u201cJuntos na cozinha\u201d. A atra\u00e7\u00e3o \u00e9 produzida pela parceira TV Diversa, de Juiz de Fora, transmitida em cerca de 70 cidades da regi\u00e3o central, Sul, Zona da Mata e Campo das Vertentes, em Minas Gerais, e Barra Mansa e Volta Redonda, no Rio de Janeiro.<\/p>\n\n\n\n<p id=\"viewer-fq8og\">O projeto Invent\u00e1rio da Cozinha Mineira tem o patroc\u00ednio da Gerdau, da Companhia Energ\u00e9tica de Minas Gerais (Cemig) e da Companhia de G\u00e1s de Minas Gerais (Gasmig), por meio da Lei de Incentivo \u00e0 Cultura, do governo federal, e parceria da Secretaria de Estado de Cultura e Turismo (Secult), firmada atrav\u00e9s de acordo de coopera\u00e7\u00e3o entre o Iepha-MG e o Instituto Perif\u00e9rico.<\/p>\n\n\n\n<p id=\"viewer-4kbod\"><em>Fonte: Ag\u00eancia Minas<\/em><\/p>\n","protected":false},"excerpt":{"rendered":"<p>Projeto procura fortalecer turismo cultural e estimular projetos ligados \u00e0 economia criativa da regi\u00e3o. Foto: Secult \/ Divulga\u00e7\u00e3o O Selo da Cozinha Mineira, iniciativa do Governo de Minas, por meio<\/p>\n","protected":false},"author":1,"featured_media":7990,"comment_status":"open","ping_status":"open","sticky":false,"template":"","format":"standard","meta":{"footnotes":""},"categories":[1],"tags":[],"class_list":["post-7989","post","type-post","status-publish","format-standard","has-post-thumbnail","hentry","category-noticias"],"_links":{"self":[{"href":"https:\/\/revistahubclub.com.br\/portal\/wp-json\/wp\/v2\/posts\/7989","targetHints":{"allow":["GET"]}}],"collection":[{"href":"https:\/\/revistahubclub.com.br\/portal\/wp-json\/wp\/v2\/posts"}],"about":[{"href":"https:\/\/revistahubclub.com.br\/portal\/wp-json\/wp\/v2\/types\/post"}],"author":[{"embeddable":true,"href":"https:\/\/revistahubclub.com.br\/portal\/wp-json\/wp\/v2\/users\/1"}],"replies":[{"embeddable":true,"href":"https:\/\/revistahubclub.com.br\/portal\/wp-json\/wp\/v2\/comments?post=7989"}],"version-history":[{"count":1,"href":"https:\/\/revistahubclub.com.br\/portal\/wp-json\/wp\/v2\/posts\/7989\/revisions"}],"predecessor-version":[{"id":7991,"href":"https:\/\/revistahubclub.com.br\/portal\/wp-json\/wp\/v2\/posts\/7989\/revisions\/7991"}],"wp:featuredmedia":[{"embeddable":true,"href":"https:\/\/revistahubclub.com.br\/portal\/wp-json\/wp\/v2\/media\/7990"}],"wp:attachment":[{"href":"https:\/\/revistahubclub.com.br\/portal\/wp-json\/wp\/v2\/media?parent=7989"}],"wp:term":[{"taxonomy":"category","embeddable":true,"href":"https:\/\/revistahubclub.com.br\/portal\/wp-json\/wp\/v2\/categories?post=7989"},{"taxonomy":"post_tag","embeddable":true,"href":"https:\/\/revistahubclub.com.br\/portal\/wp-json\/wp\/v2\/tags?post=7989"}],"curies":[{"name":"wp","href":"https:\/\/api.w.org\/{rel}","templated":true}]}}