{"id":7998,"date":"2022-02-24T10:09:00","date_gmt":"2022-02-24T13:09:00","guid":{"rendered":"https:\/\/revistahubclub.com.br\/portal\/?p=7998"},"modified":"2024-12-26T10:09:33","modified_gmt":"2024-12-26T13:09:33","slug":"mel-de-aroeira-do-norte-de-minas-conquista-registro-de-indicacao-geografica","status":"publish","type":"post","link":"https:\/\/revistahubclub.com.br\/portal\/2022\/02\/24\/mel-de-aroeira-do-norte-de-minas-conquista-registro-de-indicacao-geografica\/","title":{"rendered":"Mel de aroeira do Norte de Minas conquista registro de Indica\u00e7\u00e3o Geogr\u00e1fica"},"content":{"rendered":"\n<p id=\"viewer-foo\"><em>A busca do registro veio ap\u00f3s estudos comprovarem que o produto possui potencial terap\u00eautico.<\/em><\/p>\n\n\n\n<p id=\"viewer-8jdcc\"><em>Foto: Coopemapi<\/em><\/p>\n\n\n\n<p id=\"viewer-5mvpa\">O mel de aroeira produzido no Norte de Minas recebeu o registro de Indica\u00e7\u00e3o Geogr\u00e1fica (IG), na esp\u00e9cie Denomina\u00e7\u00e3o de Origem, concedido pelo Instituto Nacional de Propriedade Industrial (INPI). A conquista marca um novo cap\u00edtulo na produ\u00e7\u00e3o deste mel t\u00edpico da regi\u00e3o que, at\u00e9 pouco tempo, era menos valorizado do que o mel silvestre.<\/p>\n\n\n\n<p id=\"viewer-eds45\">Segundo o presidente da Cooperativa dos Apicultores e Agricultores Familiares do Norte de Minas (Coopemapi), Luciano Fernandes de Souza, a motiva\u00e7\u00e3o para a busca do registro surgiu ap\u00f3s a realiza\u00e7\u00e3o de estudos que comprovaram o potencial terap\u00eautico do produto. \u201cO mel de aroeira da regi\u00e3o \u00e9 diferente, escuro e tinha pouco valor agregado, mas as pesquisas de caracteriza\u00e7\u00e3o comprovaram grande presen\u00e7a de compostos fen\u00f3licos com a\u00e7\u00e3o antioxidante, anti-inflamat\u00f3ria e antimicrobiana, resultando num produto diferenciado entre os m\u00e9is produzidos no Brasil.\u201d, explica.<\/p>\n\n\n\n<p id=\"viewer-d3rbc\">O assessor t\u00e9cnico especial da Apicultura da Secretaria de Agricultura, Pecu\u00e1ria e Abastecimento (Seapa), Frederico Ozanam de Souza, explica que o mel de aroeira recebe este nome porque as abelhas retiram o n\u00e9ctar da planta Myracrodruon urundeuva, um tipo de aroeira, vegeta\u00e7\u00e3o predominante em regi\u00f5es de mata seca, caracterizadas pelo clima \u00e1rido e precipita\u00e7\u00e3o anual baixa, al\u00e9m de solos com baixa acidez e altas quantidades de c\u00e1lcio.<\/p>\n\n\n\n<p id=\"viewer-6pjj7\">Fonte: Secretaria da Agricultura \/ M\u00e1rcia Fran\u00e7a (Ascom\/Seapa)<\/p>\n","protected":false},"excerpt":{"rendered":"<p>A busca do registro veio ap\u00f3s estudos comprovarem que o produto possui potencial terap\u00eautico. Foto: Coopemapi O mel de aroeira produzido no Norte de Minas recebeu o registro de Indica\u00e7\u00e3o<\/p>\n","protected":false},"author":1,"featured_media":7999,"comment_status":"open","ping_status":"open","sticky":false,"template":"","format":"standard","meta":{"footnotes":""},"categories":[1],"tags":[],"class_list":["post-7998","post","type-post","status-publish","format-standard","has-post-thumbnail","hentry","category-noticias"],"_links":{"self":[{"href":"https:\/\/revistahubclub.com.br\/portal\/wp-json\/wp\/v2\/posts\/7998","targetHints":{"allow":["GET"]}}],"collection":[{"href":"https:\/\/revistahubclub.com.br\/portal\/wp-json\/wp\/v2\/posts"}],"about":[{"href":"https:\/\/revistahubclub.com.br\/portal\/wp-json\/wp\/v2\/types\/post"}],"author":[{"embeddable":true,"href":"https:\/\/revistahubclub.com.br\/portal\/wp-json\/wp\/v2\/users\/1"}],"replies":[{"embeddable":true,"href":"https:\/\/revistahubclub.com.br\/portal\/wp-json\/wp\/v2\/comments?post=7998"}],"version-history":[{"count":1,"href":"https:\/\/revistahubclub.com.br\/portal\/wp-json\/wp\/v2\/posts\/7998\/revisions"}],"predecessor-version":[{"id":8000,"href":"https:\/\/revistahubclub.com.br\/portal\/wp-json\/wp\/v2\/posts\/7998\/revisions\/8000"}],"wp:featuredmedia":[{"embeddable":true,"href":"https:\/\/revistahubclub.com.br\/portal\/wp-json\/wp\/v2\/media\/7999"}],"wp:attachment":[{"href":"https:\/\/revistahubclub.com.br\/portal\/wp-json\/wp\/v2\/media?parent=7998"}],"wp:term":[{"taxonomy":"category","embeddable":true,"href":"https:\/\/revistahubclub.com.br\/portal\/wp-json\/wp\/v2\/categories?post=7998"},{"taxonomy":"post_tag","embeddable":true,"href":"https:\/\/revistahubclub.com.br\/portal\/wp-json\/wp\/v2\/tags?post=7998"}],"curies":[{"name":"wp","href":"https:\/\/api.w.org\/{rel}","templated":true}]}}