{"id":8004,"date":"2022-02-24T10:10:00","date_gmt":"2022-02-24T13:10:00","guid":{"rendered":"https:\/\/revistahubclub.com.br\/portal\/?p=8004"},"modified":"2024-12-26T10:10:21","modified_gmt":"2024-12-26T13:10:21","slug":"apresentacoes-no-teatro-municipal-de-uberlandia-contam-com-audiodescricao","status":"publish","type":"post","link":"https:\/\/revistahubclub.com.br\/portal\/2022\/02\/24\/apresentacoes-no-teatro-municipal-de-uberlandia-contam-com-audiodescricao\/","title":{"rendered":"Apresenta\u00e7\u00f5es no Teatro Municipal de Uberl\u00e2ndia contam com audiodescri\u00e7\u00e3o"},"content":{"rendered":"\n<p id=\"viewer-foo\"><em>Prefeitura passa a disponibilizar 36 aparelhos de audiodescri\u00e7\u00e3o para o p\u00fablico com qualquer grau de defici\u00eancia visual.<\/em><\/p>\n\n\n\n<p id=\"viewer-dafh9\"><em>Foto: Cleiton Borges \u2013 Secretaria Municipal de Governo e Comunica\u00e7\u00e3o\/PMU<\/em><\/p>\n\n\n\n<p id=\"viewer-6n5q\">Desde a retomada das apresenta\u00e7\u00f5es no palco do Teatro Municipal de Uberl\u00e2ndia, a Secretaria Municipal de Cultura e Turismo passou a disponibilizar 36 aparelhos de audiodescri\u00e7\u00e3o para o p\u00fablico com qualquer grau de defici\u00eancia visual. O servi\u00e7o para a utiliza\u00e7\u00e3o dos aparelhos fica a crit\u00e9rio do produtor cultural contratante da apresenta\u00e7\u00e3o, assim como a contrata\u00e7\u00e3o do profissional que fa\u00e7a a audiodescri\u00e7\u00e3o. Tamb\u00e9m \u00e9 disponibilizada para a acessibilidade do evento, uma cabine ac\u00fastica com mesa de som e retorno para a recep\u00e7\u00e3o e transmiss\u00e3o do \u00e1udio. Al\u00e9m disso, para a melhor transmiss\u00e3o do \u00e1udio at\u00e9 a pessoa com defici\u00eancia visual, as poltronas podem ser pr\u00e9-definidas na plateia. <em>Fonte: Prefeitura de Uberl\u00e2ndia<\/em><\/p>\n","protected":false},"excerpt":{"rendered":"<p>Prefeitura passa a disponibilizar 36 aparelhos de audiodescri\u00e7\u00e3o para o p\u00fablico com qualquer grau de defici\u00eancia visual. Foto: Cleiton Borges \u2013 Secretaria Municipal de Governo e Comunica\u00e7\u00e3o\/PMU Desde a retomada<\/p>\n","protected":false},"author":1,"featured_media":8005,"comment_status":"open","ping_status":"open","sticky":false,"template":"","format":"standard","meta":{"footnotes":""},"categories":[1],"tags":[],"class_list":["post-8004","post","type-post","status-publish","format-standard","has-post-thumbnail","hentry","category-noticias"],"_links":{"self":[{"href":"https:\/\/revistahubclub.com.br\/portal\/wp-json\/wp\/v2\/posts\/8004","targetHints":{"allow":["GET"]}}],"collection":[{"href":"https:\/\/revistahubclub.com.br\/portal\/wp-json\/wp\/v2\/posts"}],"about":[{"href":"https:\/\/revistahubclub.com.br\/portal\/wp-json\/wp\/v2\/types\/post"}],"author":[{"embeddable":true,"href":"https:\/\/revistahubclub.com.br\/portal\/wp-json\/wp\/v2\/users\/1"}],"replies":[{"embeddable":true,"href":"https:\/\/revistahubclub.com.br\/portal\/wp-json\/wp\/v2\/comments?post=8004"}],"version-history":[{"count":1,"href":"https:\/\/revistahubclub.com.br\/portal\/wp-json\/wp\/v2\/posts\/8004\/revisions"}],"predecessor-version":[{"id":8006,"href":"https:\/\/revistahubclub.com.br\/portal\/wp-json\/wp\/v2\/posts\/8004\/revisions\/8006"}],"wp:featuredmedia":[{"embeddable":true,"href":"https:\/\/revistahubclub.com.br\/portal\/wp-json\/wp\/v2\/media\/8005"}],"wp:attachment":[{"href":"https:\/\/revistahubclub.com.br\/portal\/wp-json\/wp\/v2\/media?parent=8004"}],"wp:term":[{"taxonomy":"category","embeddable":true,"href":"https:\/\/revistahubclub.com.br\/portal\/wp-json\/wp\/v2\/categories?post=8004"},{"taxonomy":"post_tag","embeddable":true,"href":"https:\/\/revistahubclub.com.br\/portal\/wp-json\/wp\/v2\/tags?post=8004"}],"curies":[{"name":"wp","href":"https:\/\/api.w.org\/{rel}","templated":true}]}}