{"id":8007,"date":"2022-02-23T10:10:00","date_gmt":"2022-02-23T13:10:00","guid":{"rendered":"https:\/\/revistahubclub.com.br\/portal\/?p=8007"},"modified":"2024-12-26T10:10:42","modified_gmt":"2024-12-26T13:10:42","slug":"projeto-da-emater-mg-beneficia-mais-de-17-mil-familias-do-semiarido-mineiro","status":"publish","type":"post","link":"https:\/\/revistahubclub.com.br\/portal\/2022\/02\/23\/projeto-da-emater-mg-beneficia-mais-de-17-mil-familias-do-semiarido-mineiro\/","title":{"rendered":"Projeto da Emater-MG beneficia mais de 1,7 mil fam\u00edlias do semi\u00e1rido mineiro"},"content":{"rendered":"\n<p id=\"viewer-foo\"><em>Em quatro anos a a\u00e7\u00e3o da presta 11.745 atendimento a agricultores familiares da regi\u00e3o em situa\u00e7\u00e3o de vulnerabilidade social.<\/em><\/p>\n\n\n\n<p id=\"viewer-ei58c\"><em>Foto: Divulga\u00e7\u00e3o\/Emater-MG<\/em><\/p>\n\n\n\n<p id=\"viewer-91avt\">Nesta sexta-feira (18), a Empresa de Assist\u00eancia T\u00e9cnica e Extens\u00e3o Rural do Estado de Minas Gerais (Emater-MG) finalizou, em live, o projeto Dom H\u00e9lder C\u00e2mara (falecido em 1999), uma homenagem ao bispo cat\u00f3lico que ficou conhecido internacionalmente por suas a\u00e7\u00f5es na luta contra a fome e a mis\u00e9ria no pa\u00eds. A iniciativa propunha a presta\u00e7\u00e3o de servi\u00e7os de assist\u00eancia t\u00e9cnica e extens\u00e3o rural para agricultores familiares do semi\u00e1rido mineiro em situa\u00e7\u00e3o de vulnerabilidade social.<\/p>\n\n\n\n<p id=\"viewer-d358i\">Iniciado em 2018, 1.793 fam\u00edlias foram cadastradas, sendo 1.632 beneficiadas com um fomento de R$ 2,4 mil, e 150 com assist\u00eancia t\u00e9cnica. Al\u00e9m disso, foram 1.758 projetos produtivos elaborados pelos extensionistas em visita aos benefici\u00e1rios, num total de 11.745 assist\u00eancias t\u00e9cnicas prestadas. E, apesar das dificuldades impostas pela pandemia de covid-19, o \u00edndice de execu\u00e7\u00e3o global do projeto foi de 99,47% e o valor total destinado aos benefici\u00e1rios de R$ 3,6 milh\u00f5es.<\/p>\n\n\n\n<p id=\"viewer-85ov\"><em>Fonte: Ag\u00eancia Minas Gerais e Secretaria da Agricultura<\/em><\/p>\n","protected":false},"excerpt":{"rendered":"<p>Em quatro anos a a\u00e7\u00e3o da presta 11.745 atendimento a agricultores familiares da regi\u00e3o em situa\u00e7\u00e3o de vulnerabilidade social. Foto: Divulga\u00e7\u00e3o\/Emater-MG Nesta sexta-feira (18), a Empresa de Assist\u00eancia T\u00e9cnica e<\/p>\n","protected":false},"author":1,"featured_media":8008,"comment_status":"open","ping_status":"open","sticky":false,"template":"","format":"standard","meta":{"footnotes":""},"categories":[1],"tags":[],"class_list":["post-8007","post","type-post","status-publish","format-standard","has-post-thumbnail","hentry","category-noticias"],"_links":{"self":[{"href":"https:\/\/revistahubclub.com.br\/portal\/wp-json\/wp\/v2\/posts\/8007","targetHints":{"allow":["GET"]}}],"collection":[{"href":"https:\/\/revistahubclub.com.br\/portal\/wp-json\/wp\/v2\/posts"}],"about":[{"href":"https:\/\/revistahubclub.com.br\/portal\/wp-json\/wp\/v2\/types\/post"}],"author":[{"embeddable":true,"href":"https:\/\/revistahubclub.com.br\/portal\/wp-json\/wp\/v2\/users\/1"}],"replies":[{"embeddable":true,"href":"https:\/\/revistahubclub.com.br\/portal\/wp-json\/wp\/v2\/comments?post=8007"}],"version-history":[{"count":1,"href":"https:\/\/revistahubclub.com.br\/portal\/wp-json\/wp\/v2\/posts\/8007\/revisions"}],"predecessor-version":[{"id":8009,"href":"https:\/\/revistahubclub.com.br\/portal\/wp-json\/wp\/v2\/posts\/8007\/revisions\/8009"}],"wp:featuredmedia":[{"embeddable":true,"href":"https:\/\/revistahubclub.com.br\/portal\/wp-json\/wp\/v2\/media\/8008"}],"wp:attachment":[{"href":"https:\/\/revistahubclub.com.br\/portal\/wp-json\/wp\/v2\/media?parent=8007"}],"wp:term":[{"taxonomy":"category","embeddable":true,"href":"https:\/\/revistahubclub.com.br\/portal\/wp-json\/wp\/v2\/categories?post=8007"},{"taxonomy":"post_tag","embeddable":true,"href":"https:\/\/revistahubclub.com.br\/portal\/wp-json\/wp\/v2\/tags?post=8007"}],"curies":[{"name":"wp","href":"https:\/\/api.w.org\/{rel}","templated":true}]}}