{"id":8016,"date":"2022-02-22T10:11:00","date_gmt":"2022-02-22T13:11:00","guid":{"rendered":"https:\/\/revistahubclub.com.br\/portal\/?p=8016"},"modified":"2024-12-26T10:11:53","modified_gmt":"2024-12-26T13:11:53","slug":"governo-de-minas-recebe-comitiva-do-agronegocio-para-ouvir-demandas-do-setor","status":"publish","type":"post","link":"https:\/\/revistahubclub.com.br\/portal\/2022\/02\/22\/governo-de-minas-recebe-comitiva-do-agronegocio-para-ouvir-demandas-do-setor\/","title":{"rendered":"Governo de Minas recebe comitiva do agroneg\u00f3cio para ouvir demandas do setor"},"content":{"rendered":"\n<p id=\"viewer-foo\"><em>Executivo prop\u00f4s cria\u00e7\u00e3o de f\u00f3rum permanente para debater a\u00e7\u00f5es de uma das categorias mais importantes da economia mineira.<\/em><\/p>\n\n\n\n<p id=\"viewer-fp90d\"><em>Foto: Dirceu Aur\u00e9lio \/ Imprensa MG<\/em><\/p>\n\n\n\n<p id=\"viewer-b3k23\">O Governo de Minas Gerais, recebeu nesta segunda-feira (21\/2), uma comitiva composta por diversas entidades do agroneg\u00f3cio mineiro para discutir medidas sobre os processos de autoriza\u00e7\u00e3o para interven\u00e7\u00e3o ambiental no estado, como prazos e custos dos processos, visando garantir o desenvolvimento sustent\u00e1vel do setor, t\u00e3o importante para a economia mineira.<\/p>\n\n\n\n<p id=\"viewer-d8lh2\">Visando estreitar o relacionamento e ampliar o di\u00e1logo com as entidades e os produtores rurais, o governo de Minas prop\u00f4s a cria\u00e7\u00e3o de um f\u00f3rum permanente de discuss\u00e3o para debater a\u00e7\u00f5es e encontrar solu\u00e7\u00f5es para as demandas do setor. O objetivo \u00e9 que no pr\u00f3ximo encontro o grupo apresente propostas que visem atender as reinvindica\u00e7\u00f5es relacionadas a interven\u00e7\u00e3o ambiental para que sejam discutidas pelo Executivo.<\/p>\n\n\n\n<p id=\"viewer-frr2i\">Participaram do encontro o presidente do Sistema Faemg (Federa\u00e7\u00e3o da Agricultura e Pecu\u00e1ria do Estado de Minas Gerais), Ant\u00f4nio Pitangui de Salvo, a diretora-geral do Instituto Estadual de Florestas (IEF), Maria Am\u00e9lia de Coni e Moura Mattos Lins, presidentes de entidades e representantes da sociedade rural. Os deputados federais Z\u00e9 Vitor e Z\u00e9 Silva e o deputado estadual Ant\u00f4nio Carlos Arantes, primeiro vice-presidente da Assembleia Legislativa, tamb\u00e9m participaram da reuni\u00e3o de forma virtual.<\/p>\n\n\n\n<p id=\"viewer-9qo1l\"><em>Fonte: Ag\u00eancia Minas Gerais com altera\u00e7\u00f5es<\/em><\/p>\n","protected":false},"excerpt":{"rendered":"<p>Executivo prop\u00f4s cria\u00e7\u00e3o de f\u00f3rum permanente para debater a\u00e7\u00f5es de uma das categorias mais importantes da economia mineira. Foto: Dirceu Aur\u00e9lio \/ Imprensa MG O Governo de Minas Gerais, recebeu<\/p>\n","protected":false},"author":1,"featured_media":8017,"comment_status":"open","ping_status":"open","sticky":false,"template":"","format":"standard","meta":{"footnotes":""},"categories":[1],"tags":[],"class_list":["post-8016","post","type-post","status-publish","format-standard","has-post-thumbnail","hentry","category-noticias"],"_links":{"self":[{"href":"https:\/\/revistahubclub.com.br\/portal\/wp-json\/wp\/v2\/posts\/8016","targetHints":{"allow":["GET"]}}],"collection":[{"href":"https:\/\/revistahubclub.com.br\/portal\/wp-json\/wp\/v2\/posts"}],"about":[{"href":"https:\/\/revistahubclub.com.br\/portal\/wp-json\/wp\/v2\/types\/post"}],"author":[{"embeddable":true,"href":"https:\/\/revistahubclub.com.br\/portal\/wp-json\/wp\/v2\/users\/1"}],"replies":[{"embeddable":true,"href":"https:\/\/revistahubclub.com.br\/portal\/wp-json\/wp\/v2\/comments?post=8016"}],"version-history":[{"count":1,"href":"https:\/\/revistahubclub.com.br\/portal\/wp-json\/wp\/v2\/posts\/8016\/revisions"}],"predecessor-version":[{"id":8018,"href":"https:\/\/revistahubclub.com.br\/portal\/wp-json\/wp\/v2\/posts\/8016\/revisions\/8018"}],"wp:featuredmedia":[{"embeddable":true,"href":"https:\/\/revistahubclub.com.br\/portal\/wp-json\/wp\/v2\/media\/8017"}],"wp:attachment":[{"href":"https:\/\/revistahubclub.com.br\/portal\/wp-json\/wp\/v2\/media?parent=8016"}],"wp:term":[{"taxonomy":"category","embeddable":true,"href":"https:\/\/revistahubclub.com.br\/portal\/wp-json\/wp\/v2\/categories?post=8016"},{"taxonomy":"post_tag","embeddable":true,"href":"https:\/\/revistahubclub.com.br\/portal\/wp-json\/wp\/v2\/tags?post=8016"}],"curies":[{"name":"wp","href":"https:\/\/api.w.org\/{rel}","templated":true}]}}