{"id":8019,"date":"2022-02-22T10:12:00","date_gmt":"2022-02-22T13:12:00","guid":{"rendered":"https:\/\/revistahubclub.com.br\/portal\/?p=8019"},"modified":"2024-12-26T10:12:20","modified_gmt":"2024-12-26T13:12:20","slug":"dedicacao-ao-desenvolvimento-socioeconomico-marca-os-45-anos-da-cdl-uberlandia","status":"publish","type":"post","link":"https:\/\/revistahubclub.com.br\/portal\/2022\/02\/22\/dedicacao-ao-desenvolvimento-socioeconomico-marca-os-45-anos-da-cdl-uberlandia\/","title":{"rendered":"Dedica\u00e7\u00e3o ao desenvolvimento socioecon\u00f4mico marca os 45 anos da CDL Uberl\u00e2ndia"},"content":{"rendered":"\n<p id=\"viewer-foo\"><em>A C\u00e2mara de Dirigentes Lojistas (CDL) de Uberl\u00e2ndia completa no dia 19 de fevereiro, 45 anos de atividades em defesa do associativismo e da constru\u00e7\u00e3o de um ambiente de neg\u00f3cios capaz de gerar competitividade, empregabilidade, renda e equil\u00edbrio social para nossa cidade.<\/em><\/p>\n\n\n\n<p id=\"viewer-efdvs\"><em>Foto: Divulga\u00e7\u00e3o<\/em><\/p>\n\n\n\n<p id=\"viewer-3t05v\"><strong>Forte atua\u00e7\u00e3o pol\u00edtica<\/strong><\/p>\n\n\n\n<p id=\"viewer-49gb4\">A entidade, que est\u00e1 entre as mais representativas do sistema CNDL &#8211; Confedera\u00e7\u00e3o Nacional de Dirigentes Lojistas, \u00e9 reconhecida nacionalmente por sua atua\u00e7\u00e3o pol\u00edtica-institucional, focada em proteger os interesses empresariais e reivindicar mudan\u00e7as na legisla\u00e7\u00e3o, a fim de garantir um Estado mais liberal, justo e democr\u00e1tico para aqueles que desejam trabalhar, empreender e crescer com menos interfer\u00eancia do Estado.<\/p>\n\n\n\n<p id=\"viewer-5uhep\"><strong>Solu\u00e7\u00f5es diversificadas<\/strong><\/p>\n\n\n\n<p id=\"viewer-bcbv4\">Hoje, a CDL oferta um amplo portf\u00f3lio de solu\u00e7\u00f5es para alavancar o ciclo de neg\u00f3cios de empresas de diferentes segmentos, portes e etapas, atuando nas \u00e1reas de gest\u00e3o operacional, financeira, seguran\u00e7a de neg\u00f3cios, recupera\u00e7\u00e3o de inadimpl\u00eancia, capta\u00e7\u00e3o de novos clientes, organiza\u00e7\u00e3o de eventos, educa\u00e7\u00e3o corporativa, forma\u00e7\u00e3o profissional, mentorias e consultorias em Gest\u00e3o de Neg\u00f3cios In Company.<\/p>\n\n\n\n<p id=\"viewer-3pgb7\">\u201cO nosso objetivo \u00e9 elaborar junto com o associado um plano estrat\u00e9gico bem estruturado, no qual ele possa enxergar o neg\u00f3cio sem miopia, de forma realista, ampla e integrada para identificar oportunidades e amea\u00e7as, corrigir falhas e criar planos de a\u00e7\u00e3o com os recursos dispon\u00edveis. As nossas solu\u00e7\u00f5es foram desenvolvidas exatamente para que ele possa ser mais assertivo em todas as tomadas de decis\u00e3o\u201d, compartilhou a gerente de Solu\u00e7\u00f5es e Neg\u00f3cios da CDL, Renata Barbosa.<\/p>\n\n\n\n<p id=\"viewer-14s32\"><strong>Responsabilidade social<\/strong><\/p>\n\n\n\n<p id=\"viewer-6nloj\">A partir da necessidade identificada pela entidade de contribuir com o desenvolvimento socioecon\u00f4mico, cultural e social de nossa cidade, surgiu a Funda\u00e7\u00e3o CDL, institui\u00e7\u00e3o sem fins lucrativos que, por meio de a\u00e7\u00f5es educacionais, fomenta h\u00e1 quase 3 d\u00e9cadas, melhores condi\u00e7\u00f5es de empregabilidade e competitividade empresarial.<\/p>\n\n\n\n<p id=\"viewer-4n80h\">Com o apoio das empresas e organiza\u00e7\u00f5es parceiras, a Funda\u00e7\u00e3o CDL cumpre com o prop\u00f3sito de formar e inserir jovens talentos no mercado de trabalho, aperfei\u00e7oando suas habilidades e compet\u00eancias. \u201cTudo que conquistamos s\u00f3 foi poss\u00edvel porque acreditamos no poder transformador da educa\u00e7\u00e3o e lutamos diariamente para garantir oportunidades iguais de desenvolvimento profissional\u201d, afirmou o presidente da Funda\u00e7\u00e3o CDL, Oswaldo Luiz Pereira.<\/p>\n\n\n\n<p id=\"viewer-i64g\"><strong>A voz do associado<\/strong><\/p>\n\n\n\n<p id=\"viewer-fi13n\">Para ampliar a voz da iniciativa privada e buscar alternativas vi\u00e1veis para a resolu\u00e7\u00e3o de problemas, a CDL lan\u00e7ou recentemente a Central de Apoio ao Empres\u00e1rio.<\/p>\n\n\n\n<p id=\"viewer-15tqf\">O canal \u00e9 um espa\u00e7o onde os associados podem solicitar ajuda ou compartilhar d\u00favidas, reclama\u00e7\u00f5es, sugest\u00f5es e propostas que s\u00e3o trabalhadas atrav\u00e9s de a\u00e7\u00f5es judiciais coletivas, reuni\u00f5es e demandas aos \u00f3rg\u00e3os competentes.<\/p>\n\n\n\n<p id=\"viewer-48svh\">A entidade tamb\u00e9m oferece assessoria jur\u00eddica gratuita e, periodicamente, realiza pesquisas a fim de mapear as necessidades e demandas das empresas locais.<\/p>\n\n\n\n<p id=\"viewer-83u2p\">\u201cEmbora muitas quest\u00f5es estejam acima de nossa jurisdi\u00e7\u00e3o e autonomia de decis\u00e3o \u00e9 nosso prop\u00f3sito trabalhar para viabilizar o debate. Acreditamos que todo esfor\u00e7o conjunto pode transformar realidades e toda mudan\u00e7a come\u00e7a por pequenas a\u00e7\u00f5es\u201d, ponderou a superintendente da entidade, L\u00e9cia Queiroz.<\/p>\n\n\n\n<p id=\"viewer-66aou\"><strong>Palavra do presidente<\/strong><\/p>\n\n\n\n<p id=\"viewer-fo8ja\">\u201cQueremos agradecer e homenagear os nossos associados e os nossos colaboradores pela confian\u00e7a e por seguirem ao nosso lado, transformando o ambiente de neg\u00f3cios. Com o apoio dos nossos associados, damos voz a uma luta incessante por tributa\u00e7\u00f5es mais justas, menos burocracia para empreender, maior flexibiliza\u00e7\u00e3o das rela\u00e7\u00f5es de trabalho e uma legisla\u00e7\u00e3o id\u00f4nea, capaz de garantir seguran\u00e7a jur\u00eddica. Ser empres\u00e1rio no Brasil \u00e9 assumir o papel do her\u00f3i an\u00f4nimo, que promove o equil\u00edbrio social e abre suas portas para que outros tamb\u00e9m possam prosperar. Juntos somos muito mais fortes\u201d, conclui C\u00edcero Novaes.<\/p>\n","protected":false},"excerpt":{"rendered":"<p>A C\u00e2mara de Dirigentes Lojistas (CDL) de Uberl\u00e2ndia completa no dia 19 de fevereiro, 45 anos de atividades em defesa do associativismo e da constru\u00e7\u00e3o de um ambiente de neg\u00f3cios<\/p>\n","protected":false},"author":1,"featured_media":8017,"comment_status":"open","ping_status":"open","sticky":false,"template":"","format":"standard","meta":{"footnotes":""},"categories":[1],"tags":[],"class_list":["post-8019","post","type-post","status-publish","format-standard","has-post-thumbnail","hentry","category-noticias"],"_links":{"self":[{"href":"https:\/\/revistahubclub.com.br\/portal\/wp-json\/wp\/v2\/posts\/8019","targetHints":{"allow":["GET"]}}],"collection":[{"href":"https:\/\/revistahubclub.com.br\/portal\/wp-json\/wp\/v2\/posts"}],"about":[{"href":"https:\/\/revistahubclub.com.br\/portal\/wp-json\/wp\/v2\/types\/post"}],"author":[{"embeddable":true,"href":"https:\/\/revistahubclub.com.br\/portal\/wp-json\/wp\/v2\/users\/1"}],"replies":[{"embeddable":true,"href":"https:\/\/revistahubclub.com.br\/portal\/wp-json\/wp\/v2\/comments?post=8019"}],"version-history":[{"count":1,"href":"https:\/\/revistahubclub.com.br\/portal\/wp-json\/wp\/v2\/posts\/8019\/revisions"}],"predecessor-version":[{"id":8020,"href":"https:\/\/revistahubclub.com.br\/portal\/wp-json\/wp\/v2\/posts\/8019\/revisions\/8020"}],"wp:featuredmedia":[{"embeddable":true,"href":"https:\/\/revistahubclub.com.br\/portal\/wp-json\/wp\/v2\/media\/8017"}],"wp:attachment":[{"href":"https:\/\/revistahubclub.com.br\/portal\/wp-json\/wp\/v2\/media?parent=8019"}],"wp:term":[{"taxonomy":"category","embeddable":true,"href":"https:\/\/revistahubclub.com.br\/portal\/wp-json\/wp\/v2\/categories?post=8019"},{"taxonomy":"post_tag","embeddable":true,"href":"https:\/\/revistahubclub.com.br\/portal\/wp-json\/wp\/v2\/tags?post=8019"}],"curies":[{"name":"wp","href":"https:\/\/api.w.org\/{rel}","templated":true}]}}