{"id":8024,"date":"2022-02-21T10:12:00","date_gmt":"2022-02-21T13:12:00","guid":{"rendered":"https:\/\/revistahubclub.com.br\/portal\/?p=8024"},"modified":"2024-12-26T10:13:04","modified_gmt":"2024-12-26T13:13:04","slug":"em-uberlandia-governador-romeu-zema-anuncia-investimento-de-r100-mi-para-as-rodovias-da-regiao","status":"publish","type":"post","link":"https:\/\/revistahubclub.com.br\/portal\/2022\/02\/21\/em-uberlandia-governador-romeu-zema-anuncia-investimento-de-r100-mi-para-as-rodovias-da-regiao\/","title":{"rendered":"Em Uberl\u00e2ndia, governador Romeu Zema anuncia investimento de R$100 mi para as rodovias da regi\u00e3o"},"content":{"rendered":"\n<p id=\"viewer-foo\"><em>O governador esteve na cidade para anunciar um pacote de obras e entre elas, o investimento nas rodovias do Tri\u00e2ngulo Mineiro e Alto Parana\u00edba.<\/em><\/p>\n\n\n\n<p id=\"viewer-1rug9\"><em>Foto: Di\u00e1rio de Uberl\u00e2ndia<\/em><\/p>\n\n\n\n<p id=\"viewer-5n5dc\">Nesta \u00faltima sexta-feira (18), o governador do estado, Romeu Zema, em visita a Uberl\u00e2ndia, anunciou um pacote de obras de infraestrutura vi\u00e1ria na regi\u00e3o. Dentre as obras, a via no entroncamento da BR-365\/452 com a BR-153, com 78 km de extens\u00e3o, representa o investimento de R$38,84 milh\u00f5es.<\/p>\n\n\n\n<p id=\"viewer-6b5ne\">Acompanhado do prefeito da cidade, Odelmo Le\u00e3o, e deputados estaduais e federais, al\u00e9m do secret\u00e1rio de Infraestrutura e Mobilidade, Fernando Marcato, o governador destacou que ser\u00e3o investidos R$100 milh\u00f5es para a recupera\u00e7\u00e3o de tr\u00eas rodovias estaduais.<\/p>\n\n\n\n<p id=\"viewer-fkreq\">O secret\u00e1rio de Infraestrutura e Mobilidade tamb\u00e9m foi questionado sobre as obras paradas na regi\u00e3o, como as do Anel Vi\u00e1rio Sul. Em resposta, o chefe da pasta disse que a empreiteira que ganhou a licita\u00e7\u00e3o encerrou as suas atividades, mas que a verba est\u00e1 garantida.<\/p>\n\n\n\n<p id=\"viewer-3jnd3\"><em>Fonte: Di\u00e1rio de Uberl\u00e2ndia<\/em><\/p>\n","protected":false},"excerpt":{"rendered":"<p>O governador esteve na cidade para anunciar um pacote de obras e entre elas, o investimento nas rodovias do Tri\u00e2ngulo Mineiro e Alto Parana\u00edba. Foto: Di\u00e1rio de Uberl\u00e2ndia Nesta \u00faltima<\/p>\n","protected":false},"author":1,"featured_media":8025,"comment_status":"open","ping_status":"open","sticky":false,"template":"","format":"standard","meta":{"footnotes":""},"categories":[1],"tags":[],"class_list":["post-8024","post","type-post","status-publish","format-standard","has-post-thumbnail","hentry","category-noticias"],"_links":{"self":[{"href":"https:\/\/revistahubclub.com.br\/portal\/wp-json\/wp\/v2\/posts\/8024","targetHints":{"allow":["GET"]}}],"collection":[{"href":"https:\/\/revistahubclub.com.br\/portal\/wp-json\/wp\/v2\/posts"}],"about":[{"href":"https:\/\/revistahubclub.com.br\/portal\/wp-json\/wp\/v2\/types\/post"}],"author":[{"embeddable":true,"href":"https:\/\/revistahubclub.com.br\/portal\/wp-json\/wp\/v2\/users\/1"}],"replies":[{"embeddable":true,"href":"https:\/\/revistahubclub.com.br\/portal\/wp-json\/wp\/v2\/comments?post=8024"}],"version-history":[{"count":1,"href":"https:\/\/revistahubclub.com.br\/portal\/wp-json\/wp\/v2\/posts\/8024\/revisions"}],"predecessor-version":[{"id":8026,"href":"https:\/\/revistahubclub.com.br\/portal\/wp-json\/wp\/v2\/posts\/8024\/revisions\/8026"}],"wp:featuredmedia":[{"embeddable":true,"href":"https:\/\/revistahubclub.com.br\/portal\/wp-json\/wp\/v2\/media\/8025"}],"wp:attachment":[{"href":"https:\/\/revistahubclub.com.br\/portal\/wp-json\/wp\/v2\/media?parent=8024"}],"wp:term":[{"taxonomy":"category","embeddable":true,"href":"https:\/\/revistahubclub.com.br\/portal\/wp-json\/wp\/v2\/categories?post=8024"},{"taxonomy":"post_tag","embeddable":true,"href":"https:\/\/revistahubclub.com.br\/portal\/wp-json\/wp\/v2\/tags?post=8024"}],"curies":[{"name":"wp","href":"https:\/\/api.w.org\/{rel}","templated":true}]}}