{"id":803,"date":"2024-09-05T09:21:00","date_gmt":"2024-09-05T12:21:00","guid":{"rendered":"https:\/\/revistahubclub.com.br\/portal\/?p=803"},"modified":"2024-12-12T09:22:35","modified_gmt":"2024-12-12T12:22:35","slug":"geni-costa-lanca-o-livro-na-imensidao-o-olhar-dia-17-09-2","status":"publish","type":"post","link":"https:\/\/revistahubclub.com.br\/portal\/2024\/09\/05\/geni-costa-lanca-o-livro-na-imensidao-o-olhar-dia-17-09-2\/","title":{"rendered":"Geni Costa lan\u00e7a o Livro &#8220;Na imensid\u00e3o o olhar&#8221; dia 17\/09"},"content":{"rendered":"\n<p id=\"viewer-4sdk5608\">\u00c9 com grande entusiasmo que convidamos os leitores da revista Hub Club para o lan\u00e7amento do mais novo livro da colunista Geni Costa, intitulado &#8220;Na imensid\u00e3o o olhar&#8221;. O evento acontecer\u00e1 no dia 17 de setembro, \u00e0s 19h, na Casa da Cultura, localizada na Pra\u00e7a Coronel Carneiro, 89, Fundinho, Uberl\u00e2ndia.<\/p>\n\n\n\n<p id=\"viewer-etle7133\">Geni Costa \u00e9 uma renomada Professora Titular na Universidade Federal de Uberl\u00e2ndia, onde tem dedicado sua carreira a estudos sobre o envelhecimento, bem-estar e qualidade de vida. Com mestrado e doutorado em Educa\u00e7\u00e3o e Longevidade pela PUC\/SP, sua expertise se reflete na profundidade de seus escritos e reflex\u00f5es.<\/p>\n\n\n\n<p id=\"viewer-kxiw5136\">&#8220;Na imensid\u00e3o o olhar&#8221; promete ser uma obra envolvente, que dialoga com quest\u00f5es contempor\u00e2neas relacionadas ao viver e ao ato de enxergar al\u00e9m das apar\u00eancias. \u00c9 uma oportunidade imperd\u00edvel para os amantes da literatura e dos temas sobre vida e envelhecimento.<\/p>\n\n\n\n<p id=\"viewer-qxk7h139\">Venha prestigiar este momento especial e celebrar a paix\u00e3o pela leitura e pelo conhecimento com a autora Geni Costa!<\/p>\n\n\n\n<p id=\"viewer-e1mu8142\"><strong>Data:<\/strong> 17 de setembro<\/p>\n\n\n\n<p id=\"viewer-t9aj1144\"><strong>Hor\u00e1rio:<\/strong> 19h<\/p>\n\n\n\n<p id=\"viewer-49taf146\"><strong>Local:<\/strong> Casa da Cultura, Pra\u00e7a Coronel Carneiro, 89, Fundinho, Uberl\u00e2ndia<\/p>\n","protected":false},"excerpt":{"rendered":"<p>\u00c9 com grande entusiasmo que convidamos os leitores da revista Hub Club para o lan\u00e7amento do mais novo livro da colunista Geni Costa, intitulado &#8220;Na imensid\u00e3o o olhar&#8221;. O evento<\/p>\n","protected":false},"author":1,"featured_media":804,"comment_status":"open","ping_status":"open","sticky":false,"template":"","format":"standard","meta":{"footnotes":""},"categories":[1],"tags":[],"class_list":["post-803","post","type-post","status-publish","format-standard","has-post-thumbnail","hentry","category-noticias"],"_links":{"self":[{"href":"https:\/\/revistahubclub.com.br\/portal\/wp-json\/wp\/v2\/posts\/803","targetHints":{"allow":["GET"]}}],"collection":[{"href":"https:\/\/revistahubclub.com.br\/portal\/wp-json\/wp\/v2\/posts"}],"about":[{"href":"https:\/\/revistahubclub.com.br\/portal\/wp-json\/wp\/v2\/types\/post"}],"author":[{"embeddable":true,"href":"https:\/\/revistahubclub.com.br\/portal\/wp-json\/wp\/v2\/users\/1"}],"replies":[{"embeddable":true,"href":"https:\/\/revistahubclub.com.br\/portal\/wp-json\/wp\/v2\/comments?post=803"}],"version-history":[{"count":1,"href":"https:\/\/revistahubclub.com.br\/portal\/wp-json\/wp\/v2\/posts\/803\/revisions"}],"predecessor-version":[{"id":805,"href":"https:\/\/revistahubclub.com.br\/portal\/wp-json\/wp\/v2\/posts\/803\/revisions\/805"}],"wp:featuredmedia":[{"embeddable":true,"href":"https:\/\/revistahubclub.com.br\/portal\/wp-json\/wp\/v2\/media\/804"}],"wp:attachment":[{"href":"https:\/\/revistahubclub.com.br\/portal\/wp-json\/wp\/v2\/media?parent=803"}],"wp:term":[{"taxonomy":"category","embeddable":true,"href":"https:\/\/revistahubclub.com.br\/portal\/wp-json\/wp\/v2\/categories?post=803"},{"taxonomy":"post_tag","embeddable":true,"href":"https:\/\/revistahubclub.com.br\/portal\/wp-json\/wp\/v2\/tags?post=803"}],"curies":[{"name":"wp","href":"https:\/\/api.w.org\/{rel}","templated":true}]}}