{"id":8054,"date":"2022-02-18T10:17:00","date_gmt":"2022-02-18T13:17:00","guid":{"rendered":"https:\/\/revistahubclub.com.br\/portal\/?p=8054"},"modified":"2024-12-26T10:17:22","modified_gmt":"2024-12-26T13:17:22","slug":"delfinopolis-tera-1a-feira-do-progearte","status":"publish","type":"post","link":"https:\/\/revistahubclub.com.br\/portal\/2022\/02\/18\/delfinopolis-tera-1a-feira-do-progearte\/","title":{"rendered":"Delfin\u00f3polis ter\u00e1 1\u00aa Feira do PROGEARTE"},"content":{"rendered":"\n<p id=\"viewer-foo\"><em>Feira contar\u00e1 com exposi\u00e7\u00e3o e venda artesanatos, venda de produtos aliment\u00edcios e apresenta\u00e7\u00f5es culturais.<\/em><\/p>\n\n\n\n<p id=\"viewer-dfeuc\"><em>Artes\u00e3s participam do m\u00f3dulo de marketing digital com a instrutora Lorraine Soares. | Foto: Sistema Faemg<\/em><\/p>\n\n\n\n<p id=\"viewer-8stlh\">O programa desenvolvido pelo Sistema FAEMG\/SENAR\/INAES\/Sindicatos em parceria com a Associa\u00e7\u00e3o Comercial, Industrial e de Servi\u00e7os de Delfin\u00f3polis e Sindicato dos Produtores Rurais de C\u00e1ssia, promover\u00e1 a primeira Feira do Programa de Gest\u00e3o do Artesanato (PROGEARTE). Programada para acontecer em Delfin\u00f3polis(MG) no dia 5 der mar\u00e7o, a feira procura promover a profissionaliza\u00e7\u00e3o do artes\u00e3o mineiro adequando o processo de cria\u00e7\u00e3o e a produ\u00e7\u00e3o artesanal, com a exposi\u00e7\u00e3o de artesanato, decora\u00e7\u00e3o, utilidade e t\u00e9cnica com qualidade.<\/p>\n\n\n\n<p id=\"viewer-610tb\">A exposi\u00e7\u00e3o \u00e9 fruto dos cursos de diagn\u00f3stico sociocultural e gerencial, marketing e marketing digital, monitoramento de qualidade, empreendedorismo, gest\u00e3o financeira, associativismo e monitoramento de qualidade e do perfil, oferecidos pelas Arteiras da Canastra e a Associa\u00e7\u00e3o das Artes\u00e3s de C\u00e1ssia.<\/p>\n\n\n\n<figure class=\"wp-block-image\"><img decoding=\"async\" src=\"https:\/\/static.wixstatic.com\/media\/4ac39f_3e920ecdfd53485c9c2997797b7d034f~mv2.jpg\/v1\/fill\/w_592,h_444,al_c,q_80,usm_0.66_1.00_0.01,enc_auto\/4ac39f_3e920ecdfd53485c9c2997797b7d034f~mv2.jpg\" alt=\"\"\/><\/figure>\n\n\n\n<p id=\"viewer-cfobu\"><em>Grupo Arteiras da Canastra. | Foto: Sistema Faemg<\/em><\/p>\n\n\n\n<p id=\"viewer-7fi4u\">As Arteiras da Canastra trabalham com a fibra da bananeira. O grupo criado h\u00e1 quatro anos foi capacitado pelo Sistema FAEMG\/SENAR\/INAES\/Sindicatos desde o in\u00edcio das suas atividades. As pe\u00e7as criadas com a fibra da bananeira conquistaram clientes e lojistas em v\u00e1rias participa\u00e7\u00f5es das artes\u00e3s em feiras. O produto \u00e9 reconhecido regionalmente e ganha cada vez mais espa\u00e7o na decora\u00e7\u00e3o.<\/p>\n\n\n\n<p id=\"viewer-60aah\">Delfin\u00f3polis \u00e9 conhecido como o segundo maior produtor de banana de Minas Gerais, pelo Santu\u00e1rio de C\u00e1ssia e pela m\u00fasica. As artes\u00e3s escolheram o croch\u00ea, a cer\u00e2mica, os tecidos em tear e o bordado, que representa a cultura da regi\u00e3o, para a cria\u00e7\u00e3o das pe\u00e7as, al\u00e9m de utilizarem o descarte dos produtores para transformar em pe\u00e7as de decora\u00e7\u00e3o e utilit\u00e1rias.<\/p>\n\n\n\n<p id=\"viewer-1eic7\"><em>Fonte: Sistema Faemg<\/em><\/p>\n","protected":false},"excerpt":{"rendered":"<p>Feira contar\u00e1 com exposi\u00e7\u00e3o e venda artesanatos, venda de produtos aliment\u00edcios e apresenta\u00e7\u00f5es culturais. Artes\u00e3s participam do m\u00f3dulo de marketing digital com a instrutora Lorraine Soares. | Foto: Sistema Faemg<\/p>\n","protected":false},"author":1,"featured_media":8055,"comment_status":"open","ping_status":"open","sticky":false,"template":"","format":"standard","meta":{"footnotes":""},"categories":[1],"tags":[],"class_list":["post-8054","post","type-post","status-publish","format-standard","has-post-thumbnail","hentry","category-noticias"],"_links":{"self":[{"href":"https:\/\/revistahubclub.com.br\/portal\/wp-json\/wp\/v2\/posts\/8054","targetHints":{"allow":["GET"]}}],"collection":[{"href":"https:\/\/revistahubclub.com.br\/portal\/wp-json\/wp\/v2\/posts"}],"about":[{"href":"https:\/\/revistahubclub.com.br\/portal\/wp-json\/wp\/v2\/types\/post"}],"author":[{"embeddable":true,"href":"https:\/\/revistahubclub.com.br\/portal\/wp-json\/wp\/v2\/users\/1"}],"replies":[{"embeddable":true,"href":"https:\/\/revistahubclub.com.br\/portal\/wp-json\/wp\/v2\/comments?post=8054"}],"version-history":[{"count":1,"href":"https:\/\/revistahubclub.com.br\/portal\/wp-json\/wp\/v2\/posts\/8054\/revisions"}],"predecessor-version":[{"id":8056,"href":"https:\/\/revistahubclub.com.br\/portal\/wp-json\/wp\/v2\/posts\/8054\/revisions\/8056"}],"wp:featuredmedia":[{"embeddable":true,"href":"https:\/\/revistahubclub.com.br\/portal\/wp-json\/wp\/v2\/media\/8055"}],"wp:attachment":[{"href":"https:\/\/revistahubclub.com.br\/portal\/wp-json\/wp\/v2\/media?parent=8054"}],"wp:term":[{"taxonomy":"category","embeddable":true,"href":"https:\/\/revistahubclub.com.br\/portal\/wp-json\/wp\/v2\/categories?post=8054"},{"taxonomy":"post_tag","embeddable":true,"href":"https:\/\/revistahubclub.com.br\/portal\/wp-json\/wp\/v2\/tags?post=8054"}],"curies":[{"name":"wp","href":"https:\/\/api.w.org\/{rel}","templated":true}]}}