{"id":8072,"date":"2022-02-16T10:19:00","date_gmt":"2022-02-16T13:19:00","guid":{"rendered":"https:\/\/revistahubclub.com.br\/portal\/?p=8072"},"modified":"2024-12-26T10:20:01","modified_gmt":"2024-12-26T13:20:01","slug":"fiemg-completa-89-anos-com-forte-atuacao-industrial-e-humanitaria","status":"publish","type":"post","link":"https:\/\/revistahubclub.com.br\/portal\/2022\/02\/16\/fiemg-completa-89-anos-com-forte-atuacao-industrial-e-humanitaria\/","title":{"rendered":"FIEMG completa 89 anos com forte atua\u00e7\u00e3o industrial e humanit\u00e1ria"},"content":{"rendered":"\n<p id=\"viewer-foo\"><em>Institui\u00e7\u00e3o \u00e9 respons\u00e1vel por diversas a\u00e7\u00f5es de melhoria do ambiente de neg\u00f3cios de Minas Gerais.<\/em><\/p>\n\n\n\n<p id=\"viewer-6418d\"><em>Foto: FIEMG<\/em><\/p>\n\n\n\n<p id=\"viewer-doll2\">Fundada em 1933, a Federa\u00e7\u00e3o das Ind\u00fastrias do Estado de Minas Gerais (FIEMG) completou 89 no dia 12 de fevereiro. A organiza\u00e7\u00e3o \u00e9 respons\u00e1vel por diversas a\u00e7\u00f5es promovidas para a ind\u00fastria mineira, incluindo durante o per\u00edodo de pandemia, quando a entidade dialogou proativamente com os governos federal e estadual, sugerindo a\u00e7\u00f5es trabalhistas, tribut\u00e1rias, ambientais e de acesso a cr\u00e9dito e energia \u2014 o que permitiu a preserva\u00e7\u00e3o de mais de 300 mil empregos. Al\u00e9m disso, a FIEMG foi respons\u00e1vel pelas iniciativas de interesses da ind\u00fastria, em sintonia com a sociedade e, para o est\u00edmulo da livre iniciativo do empreendedorismo.<\/p>\n\n\n\n<p id=\"viewer-26kb4\">Em um dos principais momentos, a FIEMG liderou a maior miss\u00e3o empresarial \u00e0 Expo Dubai, nos Emirados \u00c1rabes, em novembro de 2021. Empres\u00e1rios de 14 setores produtivos, parlamentares, patrocinadores e governo, somando 235 pessoas, fizeram parte de uma comitiva da entidade em busca de atra\u00e7\u00e3o de investimentos, inova\u00e7\u00e3o tecnol\u00f3gica, projetos sustent\u00e1veis e atualiza\u00e7\u00e3o de temas para maior competitividade dos neg\u00f3cios.<\/p>\n\n\n\n<p id=\"viewer-di51j\">Confira a comemora\u00e7\u00e3o a entidade com seus parceiros no <a target=\"_blank\" href=\"https:\/\/www.youtube.com\/watch?v=7y8716YShWE\" rel=\"noreferrer noopener\"><u>YouTube<\/u><\/a>.<\/p>\n\n\n\n<p id=\"viewer-er5qe\"><em>Fonte: FIEMG<\/em><\/p>\n","protected":false},"excerpt":{"rendered":"<p>Institui\u00e7\u00e3o \u00e9 respons\u00e1vel por diversas a\u00e7\u00f5es de melhoria do ambiente de neg\u00f3cios de Minas Gerais. Foto: FIEMG Fundada em 1933, a Federa\u00e7\u00e3o das Ind\u00fastrias do Estado de Minas Gerais (FIEMG)<\/p>\n","protected":false},"author":1,"featured_media":8073,"comment_status":"open","ping_status":"open","sticky":false,"template":"","format":"standard","meta":{"footnotes":""},"categories":[1],"tags":[],"class_list":["post-8072","post","type-post","status-publish","format-standard","has-post-thumbnail","hentry","category-noticias"],"_links":{"self":[{"href":"https:\/\/revistahubclub.com.br\/portal\/wp-json\/wp\/v2\/posts\/8072","targetHints":{"allow":["GET"]}}],"collection":[{"href":"https:\/\/revistahubclub.com.br\/portal\/wp-json\/wp\/v2\/posts"}],"about":[{"href":"https:\/\/revistahubclub.com.br\/portal\/wp-json\/wp\/v2\/types\/post"}],"author":[{"embeddable":true,"href":"https:\/\/revistahubclub.com.br\/portal\/wp-json\/wp\/v2\/users\/1"}],"replies":[{"embeddable":true,"href":"https:\/\/revistahubclub.com.br\/portal\/wp-json\/wp\/v2\/comments?post=8072"}],"version-history":[{"count":1,"href":"https:\/\/revistahubclub.com.br\/portal\/wp-json\/wp\/v2\/posts\/8072\/revisions"}],"predecessor-version":[{"id":8074,"href":"https:\/\/revistahubclub.com.br\/portal\/wp-json\/wp\/v2\/posts\/8072\/revisions\/8074"}],"wp:featuredmedia":[{"embeddable":true,"href":"https:\/\/revistahubclub.com.br\/portal\/wp-json\/wp\/v2\/media\/8073"}],"wp:attachment":[{"href":"https:\/\/revistahubclub.com.br\/portal\/wp-json\/wp\/v2\/media?parent=8072"}],"wp:term":[{"taxonomy":"category","embeddable":true,"href":"https:\/\/revistahubclub.com.br\/portal\/wp-json\/wp\/v2\/categories?post=8072"},{"taxonomy":"post_tag","embeddable":true,"href":"https:\/\/revistahubclub.com.br\/portal\/wp-json\/wp\/v2\/tags?post=8072"}],"curies":[{"name":"wp","href":"https:\/\/api.w.org\/{rel}","templated":true}]}}