{"id":809,"date":"2024-09-04T09:23:00","date_gmt":"2024-09-04T12:23:00","guid":{"rendered":"https:\/\/revistahubclub.com.br\/portal\/?p=809"},"modified":"2024-12-12T09:23:47","modified_gmt":"2024-12-12T12:23:47","slug":"abertura-do-comercio-no-feriado-de-7-de-setembro-e-facultativa","status":"publish","type":"post","link":"https:\/\/revistahubclub.com.br\/portal\/2024\/09\/04\/abertura-do-comercio-no-feriado-de-7-de-setembro-e-facultativa\/","title":{"rendered":"Abertura do com\u00e9rcio no feriado de 7 de setembro \u00e9 facultativa"},"content":{"rendered":"\n<p id=\"viewer-wb1g41005\">A CDL de Uberl\u00e2ndia informa que \u00e9 facultado \u00e0s empresas do Com\u00e9rcio Varejista de G\u00eaneros Aliment\u00edcios e Afins \u2013 Supermercados, Mercearias, Sacol\u00f5es e Similares \u2013 o trabalho em dias de feriados.<\/p>\n\n\n\n<p id=\"viewer-ywne2990\">Para o ramo de Lojistas do Com\u00e9rcio, faculta-se \u00e0s empresas do com\u00e9rcio varejista de bens e servi\u00e7os o trabalho no feriado de 7 de setembro (Independ\u00eancia do Brasil), limitando o funcionamento dos estabelecimentos das 9 horas \u00e0s 18 horas. Na data mencionada, as horas efetivamente trabalhadas ser\u00e3o pagas como dobra, conforme previsto em lei, sendo vedada a compensa\u00e7\u00e3o das mesmas.<\/p>\n","protected":false},"excerpt":{"rendered":"<p>A CDL de Uberl\u00e2ndia informa que \u00e9 facultado \u00e0s empresas do Com\u00e9rcio Varejista de G\u00eaneros Aliment\u00edcios e Afins \u2013 Supermercados, Mercearias, Sacol\u00f5es e Similares \u2013 o trabalho em dias de<\/p>\n","protected":false},"author":1,"featured_media":810,"comment_status":"open","ping_status":"open","sticky":false,"template":"","format":"standard","meta":{"footnotes":""},"categories":[1],"tags":[],"class_list":["post-809","post","type-post","status-publish","format-standard","has-post-thumbnail","hentry","category-noticias"],"_links":{"self":[{"href":"https:\/\/revistahubclub.com.br\/portal\/wp-json\/wp\/v2\/posts\/809","targetHints":{"allow":["GET"]}}],"collection":[{"href":"https:\/\/revistahubclub.com.br\/portal\/wp-json\/wp\/v2\/posts"}],"about":[{"href":"https:\/\/revistahubclub.com.br\/portal\/wp-json\/wp\/v2\/types\/post"}],"author":[{"embeddable":true,"href":"https:\/\/revistahubclub.com.br\/portal\/wp-json\/wp\/v2\/users\/1"}],"replies":[{"embeddable":true,"href":"https:\/\/revistahubclub.com.br\/portal\/wp-json\/wp\/v2\/comments?post=809"}],"version-history":[{"count":1,"href":"https:\/\/revistahubclub.com.br\/portal\/wp-json\/wp\/v2\/posts\/809\/revisions"}],"predecessor-version":[{"id":811,"href":"https:\/\/revistahubclub.com.br\/portal\/wp-json\/wp\/v2\/posts\/809\/revisions\/811"}],"wp:featuredmedia":[{"embeddable":true,"href":"https:\/\/revistahubclub.com.br\/portal\/wp-json\/wp\/v2\/media\/810"}],"wp:attachment":[{"href":"https:\/\/revistahubclub.com.br\/portal\/wp-json\/wp\/v2\/media?parent=809"}],"wp:term":[{"taxonomy":"category","embeddable":true,"href":"https:\/\/revistahubclub.com.br\/portal\/wp-json\/wp\/v2\/categories?post=809"},{"taxonomy":"post_tag","embeddable":true,"href":"https:\/\/revistahubclub.com.br\/portal\/wp-json\/wp\/v2\/tags?post=809"}],"curies":[{"name":"wp","href":"https:\/\/api.w.org\/{rel}","templated":true}]}}