{"id":8098,"date":"2022-02-10T10:23:00","date_gmt":"2022-02-10T13:23:00","guid":{"rendered":"https:\/\/revistahubclub.com.br\/portal\/?p=8098"},"modified":"2024-12-26T10:23:40","modified_gmt":"2024-12-26T13:23:40","slug":"minas-mantem-acoes-de-apoio-a-produtores-prejudicados-pelas-chuvas","status":"publish","type":"post","link":"https:\/\/revistahubclub.com.br\/portal\/2022\/02\/10\/minas-mantem-acoes-de-apoio-a-produtores-prejudicados-pelas-chuvas\/","title":{"rendered":"Minas mant\u00e9m a\u00e7\u00f5es de apoio a produtores prejudicados pelas chuvas"},"content":{"rendered":"\n<p id=\"viewer-foo\"><em>Mapeamento de preju\u00edzos e orienta\u00e7\u00f5es para reduzir impactos sobre a produ\u00e7\u00e3o t\u00eam sido prioridade.<\/em><\/p>\n\n\n\n<p id=\"viewer-4elfp\"><em>Foto: banco de imagem<\/em><\/p>\n\n\n\n<p id=\"viewer-4j0vf\">Com as chuvas no estado de Minas Gerais, que atrapalha os trabalhos no campo, as equipes da Emater-MG continuam a percorrer as propriedades rurais para prestar ajuda aos produtores que tiveram perdas devido \u00e0s tempestades. Um dos munic\u00edpios bastante afetados, S\u00e3o Joaquim de Bicas, na Regi\u00e3o Metropolitana de Belo Horizonte, registra muitos agricultores que tiveram grandes preju\u00edzos nas lavouras, especialmente os que atuam no cultivo de hortali\u00e7as.<\/p>\n\n\n\n<p id=\"viewer-f5g7c\">Coordenador regional de Horticultura da Emater-MG, Wagner Fani conta que alguns munic\u00edpios do entorno de Bicas tamb\u00e9m enfrentam situa\u00e7\u00e3o semelhante. \u201cA gente tem procurado acompanhar o agricultor, juntamente com as secretarias municipais de Agricultura e de Meio Ambiente, tentando levantar as poss\u00edveis perdas, principalmente de de hortali\u00e7as, que mais sofreram com as chuvas intensas&#8221;, diz<\/p>\n\n\n\n<p id=\"viewer-fhr7g\">Al\u00e9m do levantamento de perdas, os extensionistas da Emater-MG est\u00e3o orientando produtores sobre o plantio em n\u00edvel para ajudar no carreamento das \u00e1guas e ensinando sobre a import\u00e2ncia de manter o solo coberto para evitar eros\u00f5es e o deslocamento de terra.<\/p>\n\n\n\n<p id=\"viewer-eqm27\">Outra iniciativa importante dos profissionais da empresa p\u00fablica de extens\u00e3o rural tem sido a orienta\u00e7\u00e3o sobre acesso ao cr\u00e9dito rural, que pode auxiliar agricultores a se manterem at\u00e9 que a produ\u00e7\u00e3o seja regularizada e a recuperar as lavouras atingidas.<\/p>\n\n\n\n<p id=\"viewer-7kek6\">Os profissionais da Emater-MG fizeram, ainda, mais de cem projetos t\u00e9cnicos para produtores rurais, visando \u00e0 capta\u00e7\u00e3o de recursos de cerca de R$ 9 milh\u00f5es, al\u00e9m da elabora\u00e7\u00e3o de laudos t\u00e9cnicos individuais gratuitos para a agricultura familiar e o apoio aos munic\u00edpios e aos mais de 40 mil agricultores familiares inscritos no Garantia-Safra.<\/p>\n\n\n\n<p id=\"viewer-dukeo\">O programa federal recebe aporte financeiro do Governo de Minas para a concess\u00e3o de benef\u00edcio financeiro em caso de perda da safra devido \u00e0 estiagem ou excesso de chuvas. Em resposta \u00e0s demandas surgidas com as fortes chuvas, o Estado lan\u00e7ou o programa Recupera Minas com destina\u00e7\u00e3o de R$ 603 milh\u00f5es em recursos estaduais para a\u00e7\u00f5es de infraestrutura e suporte a pessoas e cidades afetadas.<\/p>\n\n\n\n<p id=\"viewer-c4fgn\"><em>Fonte: Ag\u00eancia Minas Gerais<\/em><\/p>\n","protected":false},"excerpt":{"rendered":"<p>Mapeamento de preju\u00edzos e orienta\u00e7\u00f5es para reduzir impactos sobre a produ\u00e7\u00e3o t\u00eam sido prioridade. Foto: banco de imagem Com as chuvas no estado de Minas Gerais, que atrapalha os trabalhos<\/p>\n","protected":false},"author":1,"featured_media":8099,"comment_status":"open","ping_status":"open","sticky":false,"template":"","format":"standard","meta":{"footnotes":""},"categories":[1],"tags":[],"class_list":["post-8098","post","type-post","status-publish","format-standard","has-post-thumbnail","hentry","category-noticias"],"_links":{"self":[{"href":"https:\/\/revistahubclub.com.br\/portal\/wp-json\/wp\/v2\/posts\/8098","targetHints":{"allow":["GET"]}}],"collection":[{"href":"https:\/\/revistahubclub.com.br\/portal\/wp-json\/wp\/v2\/posts"}],"about":[{"href":"https:\/\/revistahubclub.com.br\/portal\/wp-json\/wp\/v2\/types\/post"}],"author":[{"embeddable":true,"href":"https:\/\/revistahubclub.com.br\/portal\/wp-json\/wp\/v2\/users\/1"}],"replies":[{"embeddable":true,"href":"https:\/\/revistahubclub.com.br\/portal\/wp-json\/wp\/v2\/comments?post=8098"}],"version-history":[{"count":1,"href":"https:\/\/revistahubclub.com.br\/portal\/wp-json\/wp\/v2\/posts\/8098\/revisions"}],"predecessor-version":[{"id":8100,"href":"https:\/\/revistahubclub.com.br\/portal\/wp-json\/wp\/v2\/posts\/8098\/revisions\/8100"}],"wp:featuredmedia":[{"embeddable":true,"href":"https:\/\/revistahubclub.com.br\/portal\/wp-json\/wp\/v2\/media\/8099"}],"wp:attachment":[{"href":"https:\/\/revistahubclub.com.br\/portal\/wp-json\/wp\/v2\/media?parent=8098"}],"wp:term":[{"taxonomy":"category","embeddable":true,"href":"https:\/\/revistahubclub.com.br\/portal\/wp-json\/wp\/v2\/categories?post=8098"},{"taxonomy":"post_tag","embeddable":true,"href":"https:\/\/revistahubclub.com.br\/portal\/wp-json\/wp\/v2\/tags?post=8098"}],"curies":[{"name":"wp","href":"https:\/\/api.w.org\/{rel}","templated":true}]}}