{"id":8113,"date":"2022-02-09T10:25:00","date_gmt":"2022-02-09T13:25:00","guid":{"rendered":"https:\/\/revistahubclub.com.br\/portal\/?p=8113"},"modified":"2024-12-26T10:25:37","modified_gmt":"2024-12-26T13:25:37","slug":"biblioteca-municipal-de-uberlandia-comemora-100-anos-da-semana-de-arte-moderna","status":"publish","type":"post","link":"https:\/\/revistahubclub.com.br\/portal\/2022\/02\/09\/biblioteca-municipal-de-uberlandia-comemora-100-anos-da-semana-de-arte-moderna\/","title":{"rendered":"Biblioteca Municipal de Uberl\u00e2ndia comemora 100 anos da Semana de Arte Moderna"},"content":{"rendered":"\n<p id=\"viewer-foo\"><em>A biblioteca ter\u00e1 programa\u00e7\u00e3o especial para a celebra\u00e7\u00e3o, com exposi\u00e7\u00f5es presenciais e projetos virtuais.<\/em><\/p>\n\n\n\n<p id=\"viewer-6tnc4\"><em>Foto: Prefeitura de Uberl\u00e2ndia\/Divulga\u00e7\u00e3o<\/em><\/p>\n\n\n\n<p id=\"viewer-11udk\">A Biblioteca Municipal de Uberl\u00e2ndia celebra os 100 anos da Semana de Arte Moderna, com programa\u00e7\u00e3o especial. A a\u00e7\u00e3o ser\u00e1 comemorada com uma exposi\u00e7\u00e3o presencial e projetos virtuais e, os interessados em conhecer mais sobre a semana, podem visitar a biblioteca das 8h15 at\u00e9 18h45, sem a necessidade de agendamento.<\/p>\n\n\n\n<p id=\"viewer-er456\">A Semana da Arte Moderna trata-se de uma semana de exposi\u00e7\u00f5es que ocorreram no Teatro Municipal de S\u00e3o Paulo entre os dias 13 e 18 de fevereiro de 1922. Na biblioteca, a exposi\u00e7\u00e3o estar\u00e1 dispon\u00edvel durante todo o m\u00eas de fevereiro no CEU Shopping Park, das 9h \u00e0s 16h, e na Biblioteca do Roosevelt, das 8h \u00e0s 18h na Pra\u00e7a Jacy de Assis, s\/\u00ban.<\/p>\n\n\n\n<p id=\"viewer-a7sc2\">As comemora\u00e7\u00f5es seguem at\u00e9 junho com uma a\u00e7\u00e3o especial no Instagram da Biblioteca e nas redes sociais da Prefeitura. A cada m\u00eas, ser\u00e1 disponibilizado um v\u00eddeo sobre um escritor participante do movimento. O primeiro material divulgado traz curiosidades sobre Menotti del Picchia. Ele foi um dos principais articuladores da Semana de Arte Moderna e abriu a segunda noite do evento na \u00e9poca. <em>Fonte: G1 globo<\/em><\/p>\n","protected":false},"excerpt":{"rendered":"<p>A biblioteca ter\u00e1 programa\u00e7\u00e3o especial para a celebra\u00e7\u00e3o, com exposi\u00e7\u00f5es presenciais e projetos virtuais. Foto: Prefeitura de Uberl\u00e2ndia\/Divulga\u00e7\u00e3o A Biblioteca Municipal de Uberl\u00e2ndia celebra os 100 anos da Semana de<\/p>\n","protected":false},"author":1,"featured_media":8114,"comment_status":"open","ping_status":"open","sticky":false,"template":"","format":"standard","meta":{"footnotes":""},"categories":[1],"tags":[],"class_list":["post-8113","post","type-post","status-publish","format-standard","has-post-thumbnail","hentry","category-noticias"],"_links":{"self":[{"href":"https:\/\/revistahubclub.com.br\/portal\/wp-json\/wp\/v2\/posts\/8113","targetHints":{"allow":["GET"]}}],"collection":[{"href":"https:\/\/revistahubclub.com.br\/portal\/wp-json\/wp\/v2\/posts"}],"about":[{"href":"https:\/\/revistahubclub.com.br\/portal\/wp-json\/wp\/v2\/types\/post"}],"author":[{"embeddable":true,"href":"https:\/\/revistahubclub.com.br\/portal\/wp-json\/wp\/v2\/users\/1"}],"replies":[{"embeddable":true,"href":"https:\/\/revistahubclub.com.br\/portal\/wp-json\/wp\/v2\/comments?post=8113"}],"version-history":[{"count":1,"href":"https:\/\/revistahubclub.com.br\/portal\/wp-json\/wp\/v2\/posts\/8113\/revisions"}],"predecessor-version":[{"id":8115,"href":"https:\/\/revistahubclub.com.br\/portal\/wp-json\/wp\/v2\/posts\/8113\/revisions\/8115"}],"wp:featuredmedia":[{"embeddable":true,"href":"https:\/\/revistahubclub.com.br\/portal\/wp-json\/wp\/v2\/media\/8114"}],"wp:attachment":[{"href":"https:\/\/revistahubclub.com.br\/portal\/wp-json\/wp\/v2\/media?parent=8113"}],"wp:term":[{"taxonomy":"category","embeddable":true,"href":"https:\/\/revistahubclub.com.br\/portal\/wp-json\/wp\/v2\/categories?post=8113"},{"taxonomy":"post_tag","embeddable":true,"href":"https:\/\/revistahubclub.com.br\/portal\/wp-json\/wp\/v2\/tags?post=8113"}],"curies":[{"name":"wp","href":"https:\/\/api.w.org\/{rel}","templated":true}]}}