{"id":812,"date":"2024-09-02T09:23:00","date_gmt":"2024-09-02T12:23:00","guid":{"rendered":"https:\/\/revistahubclub.com.br\/portal\/?p=812"},"modified":"2024-12-12T09:24:25","modified_gmt":"2024-12-12T12:24:25","slug":"inscricoes-para-12a-edicao-do-premio-regiao-do-cerrado-mineiro-terminam-em-6-de-setembro","status":"publish","type":"post","link":"https:\/\/revistahubclub.com.br\/portal\/2024\/09\/02\/inscricoes-para-12a-edicao-do-premio-regiao-do-cerrado-mineiro-terminam-em-6-de-setembro\/","title":{"rendered":"Inscri\u00e7\u00f5es para 12\u00aa edi\u00e7\u00e3o do Pr\u00eamio Regi\u00e3o do Cerrado Mineiro terminam em 6 de setembro"},"content":{"rendered":"\n<p id=\"viewer-3to78262\">As inscri\u00e7\u00f5es para a 12\u00aa edi\u00e7\u00e3o do Pr\u00eamio Regi\u00e3o do Cerrado Mineiro, promovido pela Federa\u00e7\u00e3o dos Cafeicultores do Cerrado com apoio do Sebrae Minas, est\u00e3o abertas at\u00e9 o dia 6 de setembro. O pr\u00eamio tem como objetivo valorizar o trabalho dos cafeicultores na produ\u00e7\u00e3o de caf\u00e9s de excel\u00eancia, destacando a responsabilidade e a rastreabilidade. Al\u00e9m de reconhecer a qualidade dos caf\u00e9s da regi\u00e3o, a iniciativa celebra a safra 2024 e destaca os melhores do Cerrado Mineiro no cen\u00e1rio nacional.<\/p>\n\n\n\n<p id=\"viewer-6hwsm37\">&nbsp;<\/p>\n\n\n\n<p id=\"viewer-5geo839\">A Regi\u00e3o do Cerrado Mineiro abrange 55 munic\u00edpios e uma \u00e1rea cultivada de aproximadamente 234 mil hectares, produzindo em m\u00e9dia seis milh\u00f5es de sacas de 60 kg por ano. Esse volume representa 25,4% da produ\u00e7\u00e3o de caf\u00e9 em Minas Gerais e 12,7% da produ\u00e7\u00e3o nacional.<\/p>\n\n\n\n<p id=\"viewer-tfe9x41\">&nbsp;<\/p>\n\n\n\n<p id=\"viewer-s7kbf43\">O Pr\u00eamio tem a realiza\u00e7\u00e3o das cooperativas Carmocer, Carpec, Coocacer Araguari, Coopadap, Expocacer e MonteCCer, al\u00e9m das sete associa\u00e7\u00f5es: ACA, Acarpa, Amoca, Appcer, Assocaf\u00e9, Assogotardo e GRE Caf\u00e9 \u2013 Regi\u00e3o de Arax\u00e1 como apoiadoras.&nbsp;<\/p>\n\n\n\n<p id=\"viewer-qsdle45\">&nbsp;<\/p>\n\n\n\n<p id=\"viewer-io6mu47\">&nbsp;12\u00aa edi\u00e7\u00e3o<\/p>\n\n\n\n<p id=\"viewer-rumym232\">O Pr\u00eamio \u00e9 dividido em tr\u00eas categorias: Caf\u00e9 Natural, Cereja Descascado e Fermenta\u00e7\u00e3o Induzida. As inscri\u00e7\u00f5es podem ser feitas via cooperativas e associa\u00e7\u00f5es que fazem parte da Federa\u00e7\u00e3o, localizadas nas cidades polo. O regulamento est\u00e1 dispon\u00edvel em <a target=\"_blank\" href=\"http:\/\/www.cerradomineiro.org\/premio\" rel=\"noreferrer noopener\">www.cerradomineiro.org\/premio<\/a>. Na edi\u00e7\u00e3o anterior foram 500 inscri\u00e7\u00f5es e a expectativa deste ano \u00e9 superar esse n\u00famero. Cada produtor poder\u00e1 inscrever duas amostras, desde que em categorias diferentes.<\/p>\n\n\n\n<p id=\"viewer-fby08171\">Os vencedores receber\u00e3o pr\u00eamios de R$ 5.500 (primeiro lugar), R$ 3.300 (segundo) e R$ 2.200 (terceiro). A cerim\u00f4nia de divulga\u00e7\u00e3o dos caf\u00e9s premiados ser\u00e1 realizada no dia 13 de novembro, em Uberl\u00e2ndia.<\/p>\n","protected":false},"excerpt":{"rendered":"<p>As inscri\u00e7\u00f5es para a 12\u00aa edi\u00e7\u00e3o do Pr\u00eamio Regi\u00e3o do Cerrado Mineiro, promovido pela Federa\u00e7\u00e3o dos Cafeicultores do Cerrado com apoio do Sebrae Minas, est\u00e3o abertas at\u00e9 o dia 6<\/p>\n","protected":false},"author":1,"featured_media":813,"comment_status":"open","ping_status":"open","sticky":false,"template":"","format":"standard","meta":{"footnotes":""},"categories":[1],"tags":[],"class_list":["post-812","post","type-post","status-publish","format-standard","has-post-thumbnail","hentry","category-noticias"],"_links":{"self":[{"href":"https:\/\/revistahubclub.com.br\/portal\/wp-json\/wp\/v2\/posts\/812","targetHints":{"allow":["GET"]}}],"collection":[{"href":"https:\/\/revistahubclub.com.br\/portal\/wp-json\/wp\/v2\/posts"}],"about":[{"href":"https:\/\/revistahubclub.com.br\/portal\/wp-json\/wp\/v2\/types\/post"}],"author":[{"embeddable":true,"href":"https:\/\/revistahubclub.com.br\/portal\/wp-json\/wp\/v2\/users\/1"}],"replies":[{"embeddable":true,"href":"https:\/\/revistahubclub.com.br\/portal\/wp-json\/wp\/v2\/comments?post=812"}],"version-history":[{"count":1,"href":"https:\/\/revistahubclub.com.br\/portal\/wp-json\/wp\/v2\/posts\/812\/revisions"}],"predecessor-version":[{"id":814,"href":"https:\/\/revistahubclub.com.br\/portal\/wp-json\/wp\/v2\/posts\/812\/revisions\/814"}],"wp:featuredmedia":[{"embeddable":true,"href":"https:\/\/revistahubclub.com.br\/portal\/wp-json\/wp\/v2\/media\/813"}],"wp:attachment":[{"href":"https:\/\/revistahubclub.com.br\/portal\/wp-json\/wp\/v2\/media?parent=812"}],"wp:term":[{"taxonomy":"category","embeddable":true,"href":"https:\/\/revistahubclub.com.br\/portal\/wp-json\/wp\/v2\/categories?post=812"},{"taxonomy":"post_tag","embeddable":true,"href":"https:\/\/revistahubclub.com.br\/portal\/wp-json\/wp\/v2\/tags?post=812"}],"curies":[{"name":"wp","href":"https:\/\/api.w.org\/{rel}","templated":true}]}}