{"id":8123,"date":"2022-02-09T10:26:00","date_gmt":"2022-02-09T13:26:00","guid":{"rendered":"https:\/\/revistahubclub.com.br\/portal\/?p=8123"},"modified":"2024-12-26T10:26:44","modified_gmt":"2024-12-26T13:26:44","slug":"uberlandia-lanca-pacto-pela-alfabetizacao","status":"publish","type":"post","link":"https:\/\/revistahubclub.com.br\/portal\/2022\/02\/09\/uberlandia-lanca-pacto-pela-alfabetizacao\/","title":{"rendered":"Uberl\u00e2ndia lan\u00e7a Pacto pela Alfabetiza\u00e7\u00e3o"},"content":{"rendered":"\n<p id=\"viewer-foo\"><em>Parceria entre prefeitura, Instituto Projeto de Vida e Instituto Raiar visa conquistar a alfabetiza\u00e7\u00e3o e promover educa\u00e7\u00e3o de qualidade para as crian\u00e7as dos anos iniciais da rede p\u00fablica<\/em><\/p>\n\n\n\n<p id=\"viewer-4bs37\">A prefeitura de Uberl\u00e2ndia assinou, na segunda-feira (7), o acordo de coopera\u00e7\u00e3o para o in\u00edcio do Pacto pela Alfabetiza\u00e7\u00e3o. Com apoio do Instituto Projeto de Vida de Uberl\u00e2ndia, que financia o programa, e do Instituto Raiar, respons\u00e1vel pela gest\u00e3o, o Pacto pela Alfabetiza\u00e7\u00e3o tem como principal objetivo alfabetizar as crian\u00e7as at\u00e9 o 1\u00ba ano, a fim de contribuir para mudan\u00e7a do atual cen\u00e1rio em que mais da metade das crian\u00e7as brasileiras chega ao final do 3\u00ba ano sem as habilidades m\u00ednimas de leitura, de acordo com o Minist\u00e9rio da Educa\u00e7\u00e3o (MEC).<\/p>\n\n\n\n<p id=\"viewer-30m5v\">Uberl\u00e2ndia \u00e9 um dos poucos munic\u00edpios do Brasil a ter um diagn\u00f3stico real da situa\u00e7\u00e3o da alfabetiza\u00e7\u00e3o de todas as crian\u00e7as do Ensino Fundamental I e, principalmente, a ter um plano estruturado para promover a recupera\u00e7\u00e3o em 12 meses.<\/p>\n\n\n\n<p id=\"viewer-2kce9\">O Pacto pela Alfabetiza\u00e7\u00e3o ir\u00e1 beneficiar 20 mil crian\u00e7as da rede municipal de Uberl\u00e2ndia. A metodologia implantada \u00e9 a mesma utilizada em Sobral\/CE, principal refer\u00eancia em educa\u00e7\u00e3o p\u00fablica de qualidade no Brasil e a metodologia adotada ser\u00e1 do Instituto Alfa e Beto.<\/p>\n\n\n\n<p id=\"viewer-buhnf\">Segundo a presidente executiva do Instituto Projeto de Vida, Raquel Garcia, o programa foi apresentado aos diretores de todas as escolas municipais de Uberl\u00e2ndia e teve 100% de ades\u00e3o. \u201cEstamos imensamente felizes por ajudar a transformar o cen\u00e1rio da educa\u00e7\u00e3o e do desenvolvimento social em nossa cidade. Atrav\u00e9s desta parceria, estamos colocando em pr\u00e1tica nosso prop\u00f3sito de dar oportunidades a pessoas, comunidades e escolas, promovendo a conex\u00e3o e envolvimento entre sociedade civil organizada e poder p\u00fablico em busca da melhoria do desenvolvimento da cidade\u201d, explica Raquel.<\/p>\n\n\n\n<p id=\"viewer-7dsl6\"><strong>Como vai funcionar<\/strong> A iniciativa prev\u00ea a implanta\u00e7\u00e3o colaborativa de uma pol\u00edtica p\u00fablica de alfabetiza\u00e7\u00e3o, a partir de um sistema de ensino estruturado com evid\u00eancias cient\u00edficas para a promo\u00e7\u00e3o da aprendizagem, com diferentes abordagens, dos alunos de 1\u00ba ao 2\u00ba ano, al\u00e9m de alfabetiza\u00e7\u00e3o intensiva extraclasse para alunos n\u00e3o alfabetizados do 3\u00ba ao 5\u00ba anos.<\/p>\n\n\n\n<p id=\"viewer-a4hha\">Com o Pacto, a rede municipal deve melhorar seus indicadores de alfabetiza\u00e7\u00e3o e como resultado as crian\u00e7as t\u00eam a oportunidade de trilhar uma trajet\u00f3ria escolar satisfat\u00f3ria e conquistar um futuro melhor, o que contribui para o desenvolvimento social da comunidade. \u201cDesde o come\u00e7o da pandemia, temos monitorado o desenvolvimento de nossas crian\u00e7as e criado ferramentas, a medida do poss\u00edvel, para aprimorar este aprendizado. O Pacto pela Alfabetiza\u00e7\u00e3o utiliza uma metodologia baseada em evid\u00eancias que permitir\u00e1 acompanhar o desenvolvimento de cada aluno, cada turma e cada escola. Com o Pacto esperamos que haja melhoria dos indicadores de alfabetiza\u00e7\u00e3o e, consequentemente, as crian\u00e7as tenham a oportunidade de conquistar uma trajet\u00f3ria escolar que lhes assegure a educa\u00e7\u00e3o que t\u00eam direito\u201d, explicou a secret\u00e1ria municipal de Educa\u00e7\u00e3o, T\u00e2nia Toledo.<\/p>\n\n\n\n<p id=\"viewer-aiuv1\"><strong>Sobre o Pacto pela Alfabetiza\u00e7\u00e3o<\/strong> O Pacto pela Alfabetiza\u00e7\u00e3o atua para garantir o direito constitucional de cada crian\u00e7a \u00e0 educa\u00e7\u00e3o b\u00e1sica de qualidade. Utiliza uma metodologia baseada em evid\u00eancias que permite acompanhar o desenvolvimento de cada aluno, cada turma e cada escola, avaliando conquistas e corrigindo lacunas de aprendizagem sempre que necess\u00e1rio. O programa ainda oferece apoio \u00e0 pr\u00e1tica pedag\u00f3gica dos professores, por meio de capacita\u00e7\u00f5es; realiza modelagem de gest\u00e3o, qualificando os processos da coordena\u00e7\u00e3o \u00e0 execu\u00e7\u00e3o da aprendizagem; e incentiva a atua\u00e7\u00e3o em rede, unindo pais, professores, gestores e demais membros da comunidade escolar pelo sonho da alfabetiza\u00e7\u00e3o. Mais informa\u00e7\u00f5es: <a target=\"_blank\" href=\"http:\/\/pactopelaalfabetizacao.com.br\/\" rel=\"noreferrer noopener\"><strong>pactopelaalfabetizacao.com.br<\/strong><\/a><\/p>\n","protected":false},"excerpt":{"rendered":"<p>Parceria entre prefeitura, Instituto Projeto de Vida e Instituto Raiar visa conquistar a alfabetiza\u00e7\u00e3o e promover educa\u00e7\u00e3o de qualidade para as crian\u00e7as dos anos iniciais da rede p\u00fablica A prefeitura<\/p>\n","protected":false},"author":1,"featured_media":8124,"comment_status":"open","ping_status":"open","sticky":false,"template":"","format":"standard","meta":{"footnotes":""},"categories":[1],"tags":[],"class_list":["post-8123","post","type-post","status-publish","format-standard","has-post-thumbnail","hentry","category-noticias"],"_links":{"self":[{"href":"https:\/\/revistahubclub.com.br\/portal\/wp-json\/wp\/v2\/posts\/8123","targetHints":{"allow":["GET"]}}],"collection":[{"href":"https:\/\/revistahubclub.com.br\/portal\/wp-json\/wp\/v2\/posts"}],"about":[{"href":"https:\/\/revistahubclub.com.br\/portal\/wp-json\/wp\/v2\/types\/post"}],"author":[{"embeddable":true,"href":"https:\/\/revistahubclub.com.br\/portal\/wp-json\/wp\/v2\/users\/1"}],"replies":[{"embeddable":true,"href":"https:\/\/revistahubclub.com.br\/portal\/wp-json\/wp\/v2\/comments?post=8123"}],"version-history":[{"count":1,"href":"https:\/\/revistahubclub.com.br\/portal\/wp-json\/wp\/v2\/posts\/8123\/revisions"}],"predecessor-version":[{"id":8125,"href":"https:\/\/revistahubclub.com.br\/portal\/wp-json\/wp\/v2\/posts\/8123\/revisions\/8125"}],"wp:featuredmedia":[{"embeddable":true,"href":"https:\/\/revistahubclub.com.br\/portal\/wp-json\/wp\/v2\/media\/8124"}],"wp:attachment":[{"href":"https:\/\/revistahubclub.com.br\/portal\/wp-json\/wp\/v2\/media?parent=8123"}],"wp:term":[{"taxonomy":"category","embeddable":true,"href":"https:\/\/revistahubclub.com.br\/portal\/wp-json\/wp\/v2\/categories?post=8123"},{"taxonomy":"post_tag","embeddable":true,"href":"https:\/\/revistahubclub.com.br\/portal\/wp-json\/wp\/v2\/tags?post=8123"}],"curies":[{"name":"wp","href":"https:\/\/api.w.org\/{rel}","templated":true}]}}