{"id":8127,"date":"2022-02-08T10:26:00","date_gmt":"2022-02-08T13:26:00","guid":{"rendered":"https:\/\/revistahubclub.com.br\/portal\/?p=8127"},"modified":"2024-12-26T10:27:06","modified_gmt":"2024-12-26T13:27:06","slug":"uberlandia-registra-21-do-publico-infantil-de-5-a-11-anos-vacinados","status":"publish","type":"post","link":"https:\/\/revistahubclub.com.br\/portal\/2022\/02\/08\/uberlandia-registra-21-do-publico-infantil-de-5-a-11-anos-vacinados\/","title":{"rendered":"Uberl\u00e2ndia registra 21% do p\u00fablico infantil de 5 a 11 anos vacinados"},"content":{"rendered":"\n<p id=\"viewer-foo\"><em>Somente na \u00faltima sexa-feira(4) o munic\u00edpio vacinou mais de 1.700 crian\u00e7as.<\/em><\/p>\n\n\n\n<p id=\"viewer-9rvt0\"><em>Foto: banco de imagem<\/em><\/p>\n\n\n\n<p id=\"viewer-fgtrt\">A cidade de Uberl\u00e2ndia iniciou no dia 19 de janeiro deste ano, a vacina\u00e7\u00e3o de crian\u00e7as de 5 a 11 anos de idade na cidade. At\u00e9 o \u00faltimo s\u00e1bado(5), 12.260 crian\u00e7as nesta faixa et\u00e1ria j\u00e1 haviam recebido a primeira dose da vacina contra a covid-19, sendo mais de 1.500 delas imunizadas somente na sexta-feira(4). Atualmente a taxa representa um pouco mais de 21% do p\u00fablico estimado para a cidade, que \u00e9 de 56 mil.<\/p>\n\n\n\n<p id=\"viewer-6cfj4\">De acordo com um levantamento divulgado pelo munic\u00edpio, aproximadamente 26 mil crian\u00e7as de 5 a 11 anos j\u00e1 foram cadastradas no Portal da Prefeitura. Por hora, a apresenta\u00e7\u00e3o do comprovante de vacina\u00e7\u00e3o para a entrada nas escolas municipais, que retornaram o ensino presencial ontem(7), n\u00e3o ser\u00e1 exigido.<\/p>\n\n\n\n<p id=\"viewer-ddk73\"><em>Fonte: Di\u00e1rio de Uberl\u00e2ndia e Portal da Prefeitura<\/em><\/p>\n","protected":false},"excerpt":{"rendered":"<p>Somente na \u00faltima sexa-feira(4) o munic\u00edpio vacinou mais de 1.700 crian\u00e7as. Foto: banco de imagem A cidade de Uberl\u00e2ndia iniciou no dia 19 de janeiro deste ano, a vacina\u00e7\u00e3o de<\/p>\n","protected":false},"author":1,"featured_media":8128,"comment_status":"open","ping_status":"open","sticky":false,"template":"","format":"standard","meta":{"footnotes":""},"categories":[1],"tags":[],"class_list":["post-8127","post","type-post","status-publish","format-standard","has-post-thumbnail","hentry","category-noticias"],"_links":{"self":[{"href":"https:\/\/revistahubclub.com.br\/portal\/wp-json\/wp\/v2\/posts\/8127","targetHints":{"allow":["GET"]}}],"collection":[{"href":"https:\/\/revistahubclub.com.br\/portal\/wp-json\/wp\/v2\/posts"}],"about":[{"href":"https:\/\/revistahubclub.com.br\/portal\/wp-json\/wp\/v2\/types\/post"}],"author":[{"embeddable":true,"href":"https:\/\/revistahubclub.com.br\/portal\/wp-json\/wp\/v2\/users\/1"}],"replies":[{"embeddable":true,"href":"https:\/\/revistahubclub.com.br\/portal\/wp-json\/wp\/v2\/comments?post=8127"}],"version-history":[{"count":1,"href":"https:\/\/revistahubclub.com.br\/portal\/wp-json\/wp\/v2\/posts\/8127\/revisions"}],"predecessor-version":[{"id":8129,"href":"https:\/\/revistahubclub.com.br\/portal\/wp-json\/wp\/v2\/posts\/8127\/revisions\/8129"}],"wp:featuredmedia":[{"embeddable":true,"href":"https:\/\/revistahubclub.com.br\/portal\/wp-json\/wp\/v2\/media\/8128"}],"wp:attachment":[{"href":"https:\/\/revistahubclub.com.br\/portal\/wp-json\/wp\/v2\/media?parent=8127"}],"wp:term":[{"taxonomy":"category","embeddable":true,"href":"https:\/\/revistahubclub.com.br\/portal\/wp-json\/wp\/v2\/categories?post=8127"},{"taxonomy":"post_tag","embeddable":true,"href":"https:\/\/revistahubclub.com.br\/portal\/wp-json\/wp\/v2\/tags?post=8127"}],"curies":[{"name":"wp","href":"https:\/\/api.w.org\/{rel}","templated":true}]}}