{"id":8147,"date":"2022-02-07T10:29:00","date_gmt":"2022-02-07T13:29:00","guid":{"rendered":"https:\/\/revistahubclub.com.br\/portal\/?p=8147"},"modified":"2024-12-26T10:29:48","modified_gmt":"2024-12-26T13:29:48","slug":"agronegocio-sustentavel-sera-tema-da-femec-em-uberlandia-no-triangulo-mineiro","status":"publish","type":"post","link":"https:\/\/revistahubclub.com.br\/portal\/2022\/02\/07\/agronegocio-sustentavel-sera-tema-da-femec-em-uberlandia-no-triangulo-mineiro\/","title":{"rendered":"Agroneg\u00f3cio Sustent\u00e1vel ser\u00e1 tema da Femec em Uberl\u00e2ndia no Tri\u00e2ngulo Mineiro"},"content":{"rendered":"\n<p id=\"viewer-foo\"><em>A principal feira de m\u00e1quinas e insumos agr\u00edcolas de Minas Gerais ir\u00e1 acontecer do dia 22 a 25 de mar\u00e7o e deve movimentar R$750 mi em neg\u00f3cios.<\/em><\/p>\n\n\n\n<p id=\"viewer-161p\"><em>Foto: Divulga\u00e7\u00e3o<\/em><\/p>\n\n\n\n<p id=\"viewer-f382q\">A Feira do Agroneg\u00f3cio Mineiro (Femec), realizar\u00e1 sua 9\u00aa edi\u00e7\u00e3o este ano, e traz como tema central o conceito \u201cAgroneg\u00f3cio Sustent\u00e1vel Alimentando o Mundo\u201d. Consolidado como o principal evento de Minas Gerais para comercializa\u00e7\u00e3o de m\u00e1quinas, equipamentos, implementos e insumos agr\u00edcolas, a previs\u00e3o \u00e9 que a Femec movimente mais de R$750 milh\u00f5es em quatro dias de evento no Parque de Exposi\u00e7\u00f5es Camaru, em Uberl\u00e2ndia, com entrada e estacionamento gratuitos.<\/p>\n\n\n\n<p id=\"viewer-3fmcj\">O evento atrai, todos os anos, produtores rurais das principais fronteiras agr\u00edcolas em busca de melhores condi\u00e7\u00f5es para investir em maquin\u00e1rio e servi\u00e7os destinados \u00e0 produ\u00e7\u00e3o agropecu\u00e1ria. No ano de 2019, em sua edi\u00e7\u00e3o mais recente, a Femec recebeu aproximadamente 60 mil visitas e gerou movimenta\u00e7\u00e3o financeira na casa dos R$450 milh\u00f5es.<\/p>\n\n\n\n<p id=\"viewer-13oue\">Um grande diferencial do evento \u00e9 a participa\u00e7\u00e3o das principais institui\u00e7\u00f5es financeiras do pa\u00eds, processando opera\u00e7\u00f5es de cr\u00e9dito em estruturas montadas no pr\u00f3prio parque de exposi\u00e7\u00f5es, o que agiliza em muito a aprova\u00e7\u00e3o de financiamentos no momento da compra.<\/p>\n\n\n\n<p id=\"viewer-1j8t0\">Para o presidente do Sindicato Rural de Uberl\u00e2ndia, Thiago Silveira, a Femec \u00e9 uma das melhores oportunidades para investimento na renova\u00e7\u00e3o de maquin\u00e1rio. \u201cA Femec \u00e9 a \u00fanica feira de Minas Gerais realizada por uma entidade que representa os interesses do produtor rural e re\u00fane em um mesmo local as mais importantes marcas do setor\u201d, afirmou. O presidente destaca ainda que os pre\u00e7os e as condi\u00e7\u00f5es de financiamentos praticados na Femec s\u00e3o extremamente competitivos. \u201cAqui o produtor rural far\u00e1 a sua melhor compra do ano\u201d, destacou Silveira.<\/p>\n\n\n\n<p id=\"viewer-eo2sl\">No vi\u00e9s da sustentabilidade, a feira apresentar\u00e1 de forma pioneira, ensaios da efici\u00eancia agron\u00f4mica do p\u00f3 de basalto como remineralizador e corretor de solos. Conforme estudos j\u00e1 apresentados pela Prefeitura de Uberl\u00e2ndia, a composi\u00e7\u00e3o mineral e as caracter\u00edsticas f\u00edsico-qu\u00edmicas do insumo encontrado em abund\u00e2ncia na cidade e com qualidade, evidenciaram a viabilidade de sua utiliza\u00e7\u00e3o para aumento da produtividade e na melhoria da qualidade do solo, atendendo exig\u00eancias de instru\u00e7\u00e3o normativa do Mapa.<\/p>\n\n\n\n<p id=\"viewer-3a978\">Outra grande novidade no pr\u00f3ximo ano ser\u00e1 o Pavilh\u00e3o do Agroneg\u00f3cio, ambiente coberto e climatizado com mais de 4,5 mil metros quadrados, que receber\u00e1 os principais players do mercado de insumos agr\u00edcolas, como sementes e defensivos. Nesta edi\u00e7\u00e3o ser\u00e3o realizados pain\u00e9is tem\u00e1ticos com participa\u00e7\u00e3o de personalidades \u00edcones do setor que debater\u00e3o temas da atualidade, como acordos clim\u00e1ticos, uso de energia limpa, experi\u00eancia 5G no agroneg\u00f3cio, entre outros. A feira apresentar\u00e1 tamb\u00e9m o 2\u00ba Encontro de Mulheres Mineiras do Agroneg\u00f3cio, os Campos Demonstrativos de Sementes e Insumos, exposi\u00e7\u00f5es e leil\u00f5es de equinos e bovinos, o Feira de Touros e F\u00eameas Pr\u00f3-Gen\u00e9tica e Pr\u00f3-F\u00eameas e a Arena Automotiva com lan\u00e7amentos das principais montadoras do pa\u00eds.<\/p>\n","protected":false},"excerpt":{"rendered":"<p>A principal feira de m\u00e1quinas e insumos agr\u00edcolas de Minas Gerais ir\u00e1 acontecer do dia 22 a 25 de mar\u00e7o e deve movimentar R$750 mi em neg\u00f3cios. Foto: Divulga\u00e7\u00e3o A<\/p>\n","protected":false},"author":1,"featured_media":8148,"comment_status":"open","ping_status":"open","sticky":false,"template":"","format":"standard","meta":{"footnotes":""},"categories":[1],"tags":[],"class_list":["post-8147","post","type-post","status-publish","format-standard","has-post-thumbnail","hentry","category-noticias"],"_links":{"self":[{"href":"https:\/\/revistahubclub.com.br\/portal\/wp-json\/wp\/v2\/posts\/8147","targetHints":{"allow":["GET"]}}],"collection":[{"href":"https:\/\/revistahubclub.com.br\/portal\/wp-json\/wp\/v2\/posts"}],"about":[{"href":"https:\/\/revistahubclub.com.br\/portal\/wp-json\/wp\/v2\/types\/post"}],"author":[{"embeddable":true,"href":"https:\/\/revistahubclub.com.br\/portal\/wp-json\/wp\/v2\/users\/1"}],"replies":[{"embeddable":true,"href":"https:\/\/revistahubclub.com.br\/portal\/wp-json\/wp\/v2\/comments?post=8147"}],"version-history":[{"count":1,"href":"https:\/\/revistahubclub.com.br\/portal\/wp-json\/wp\/v2\/posts\/8147\/revisions"}],"predecessor-version":[{"id":8149,"href":"https:\/\/revistahubclub.com.br\/portal\/wp-json\/wp\/v2\/posts\/8147\/revisions\/8149"}],"wp:featuredmedia":[{"embeddable":true,"href":"https:\/\/revistahubclub.com.br\/portal\/wp-json\/wp\/v2\/media\/8148"}],"wp:attachment":[{"href":"https:\/\/revistahubclub.com.br\/portal\/wp-json\/wp\/v2\/media?parent=8147"}],"wp:term":[{"taxonomy":"category","embeddable":true,"href":"https:\/\/revistahubclub.com.br\/portal\/wp-json\/wp\/v2\/categories?post=8147"},{"taxonomy":"post_tag","embeddable":true,"href":"https:\/\/revistahubclub.com.br\/portal\/wp-json\/wp\/v2\/tags?post=8147"}],"curies":[{"name":"wp","href":"https:\/\/api.w.org\/{rel}","templated":true}]}}