{"id":8183,"date":"2022-02-03T10:35:00","date_gmt":"2022-02-03T13:35:00","guid":{"rendered":"https:\/\/revistahubclub.com.br\/portal\/?p=8183"},"modified":"2024-12-26T10:35:41","modified_gmt":"2024-12-26T13:35:41","slug":"uberlandia-shopping-promove-manha-divertida-exclusiva-para-autistas","status":"publish","type":"post","link":"https:\/\/revistahubclub.com.br\/portal\/2022\/02\/03\/uberlandia-shopping-promove-manha-divertida-exclusiva-para-autistas\/","title":{"rendered":"Uberl\u00e2ndia Shopping promove manh\u00e3 divertida exclusiva para autistas"},"content":{"rendered":"\n<p id=\"viewer-eemvr\">Encontro visa inclus\u00e3o e vai ter a exposi\u00e7\u00e3o internacional Drag\u00f5es como atra\u00e7\u00e3o principal<\/p>\n\n\n\n<p id=\"viewer-ebntp\">No pr\u00f3ximo s\u00e1bado, 5, o Uberl\u00e2ndia Shopping vai promover uma manh\u00e3 superdivertida, exclusivamente para crian\u00e7as e jovens com Transtorno do Espectro Autista (TEA), que poder\u00e3o conferir a exposi\u00e7\u00e3o Internacional &#8220;Drag\u00f5es&#8221; e curtir muitas outras surpresas. Elas poder\u00e3o fazer tour virtuais com o recurso de VR (Realidade Virtual), tirar foto em cima do Drag\u00e3o de Gelo e visitar todas as feras espalhadas pelo Shopping. Ser\u00e3o distribu\u00eddos algod\u00e3o-doce e pipoca pelos corredores do centro de compras para toda a fam\u00edlia.<\/p>\n\n\n\n<p id=\"viewer-cbtci\">De acordo com o gerente de Marketing do Uberl\u00e2ndia Shopping, Rayan Raison, todas as atra\u00e7\u00f5es do empreendimento que forem favor\u00e1veis para o desenvolvimento e divers\u00e3o ser\u00e3o sempre abertas para esse p\u00fablico. \u201cEsse prop\u00f3sito faz parte de nossa pol\u00edtica de inclus\u00e3o. Respeitamos a diversidade e queremos que essas fam\u00edlias se sintam bem aqui e voltem sempre\u201d, explica.<\/p>\n\n\n\n<p id=\"viewer-a4auj\">Para a receber essa turma em um ambiente tranquilo, o encontro ser\u00e1 antes do shopping abrir ao p\u00fablico: das 8h30 \u00e0s 10h. S\u00e3o 400 vagas, mediante inscri\u00e7\u00f5es feitas at\u00e9 o dia 4 de fevereiro ou at\u00e9 o preenchimento de todas as oportunidades pelo site <a target=\"_blank\" href=\"http:\/\/www.uberlandiashopping.com.br\/\" rel=\"noreferrer noopener\">www.uberlandiashopping.com.br<\/a>.<\/p>\n\n\n\n<p id=\"viewer-95avr\">A presidente da Associa\u00e7\u00e3o Zeiza Dojo do segmento dos autistas de Uberl\u00e2ndia e membro do Conselho Municipal da Pessoa com Defici\u00eancia (Compod), Zeiza Matildes da Silva, diz que essa iniciativa do Uberl\u00e2ndia Shopping tem feito muito bem \u00e0s fam\u00edlias. \u201c\u00c9 um presente que \u00e9 dado \u00e0s crian\u00e7as e estendido aos pais, que ficam felizes por ver novas portas se abrindo para seus filhos. Que esse exemplo possa inspirar outras empresas a terem um olhar diferenciado de inclus\u00e3o&#8221;, ressalta.<\/p>\n\n\n\n<p id=\"viewer-emjc7\">Fl\u00e1via Regina da Silva, m\u00e3e de Nicolas Alves Damasceno, de sete anos, conta que o filho gostou muito da \u00faltima atividade que o Uberl\u00e2ndia Shopping promoveu. \u201cFoi muito bom n\u00e3o apenas para reunir nossos filhos, como para as m\u00e3es tamb\u00e9m que puderam trocar informa\u00e7\u00f5es e conhecer novas pessoas. Que venham mais oportunidades assim para eles\u201d.<\/p>\n\n\n\n<p id=\"viewer-54du0\"><\/p>\n\n\n\n<p id=\"viewer-algpe\"><strong>Vagas de estacionamento<\/strong><\/p>\n\n\n\n<p id=\"viewer-fhfe6\">Desde outubro, o empreendimento coloca \u00e0 disposi\u00e7\u00e3o da comunidade vagas de estacionamento exclusivas para pessoas com Transtorno do Espectro Autista (TEA), localizadas pr\u00f3ximo \u00e0 entrada do Hipermercado Big e tamb\u00e9m da entrada da loja Le Biscuit.<\/p>\n\n\n\n<p id=\"viewer-2uf7q\">A iniciativa, in\u00e9dita em shoppings centers da cidade, tem facilitado o acesso das fam\u00edlias e assegurado a vaga especificamente para esse p\u00fablico. As sete novas vagas t\u00eam sinaliza\u00e7\u00e3o vertical, atrav\u00e9s de placa e marca\u00e7\u00e3o diferenciada no piso com a fita quebra-cabe\u00e7a multicolorida, sinal universal da consci\u00eancia do Autismo.<\/p>\n\n\n\n<p id=\"viewer-78j7c\"><strong>Sobre o Uberl\u00e2ndia Shopping<\/strong><\/p>\n\n\n\n<p id=\"viewer-ci4av\">Inaugurado em mar\u00e7o de 2012, o Uberl\u00e2ndia Shopping, pertencente \u00e0 Aliansce Sonae, localizado na zona Sul da cidade, conta com 225 opera\u00e7\u00f5es, distribu\u00eddas em mais de 53,4 mil m\u00b2 de \u00c1rea Bruta Loc\u00e1vel, algumas in\u00e9ditas na regi\u00e3o como JohnJohn, House of Samsonite, Richards e Leroy Merlin, grandes \u00e2ncoras de moda como Riachuelo, C&amp;A e Renner, 18 opera\u00e7\u00f5es na Pra\u00e7a de Alimenta\u00e7\u00e3o, hipermercado BIG e cinco salas de cinema Cinemark, dotadas de tecnologia 3D e XD. Conta ainda com 2.400 vagas de estacionamento, incluindo vagas cobertas e especiais, Espa\u00e7o Fam\u00edlia, Biciclet\u00e1rio e wi-fi gratuito. Refer\u00eancia em sustentabilidade, o Uberl\u00e2ndia Shopping adota desde sua constru\u00e7\u00e3o pol\u00edticas de preserva\u00e7\u00e3o do meio ambiente, sa\u00fade e seguran\u00e7a ocupacional e possui certifica\u00e7\u00e3o ambiental (ISO14001) e de Seguran\u00e7a e Sa\u00fade (ISO 45).<\/p>\n","protected":false},"excerpt":{"rendered":"<p>Encontro visa inclus\u00e3o e vai ter a exposi\u00e7\u00e3o internacional Drag\u00f5es como atra\u00e7\u00e3o principal No pr\u00f3ximo s\u00e1bado, 5, o Uberl\u00e2ndia Shopping vai promover uma manh\u00e3 superdivertida, exclusivamente para crian\u00e7as e jovens<\/p>\n","protected":false},"author":1,"featured_media":8184,"comment_status":"open","ping_status":"open","sticky":false,"template":"","format":"standard","meta":{"footnotes":""},"categories":[1],"tags":[],"class_list":["post-8183","post","type-post","status-publish","format-standard","has-post-thumbnail","hentry","category-noticias"],"_links":{"self":[{"href":"https:\/\/revistahubclub.com.br\/portal\/wp-json\/wp\/v2\/posts\/8183","targetHints":{"allow":["GET"]}}],"collection":[{"href":"https:\/\/revistahubclub.com.br\/portal\/wp-json\/wp\/v2\/posts"}],"about":[{"href":"https:\/\/revistahubclub.com.br\/portal\/wp-json\/wp\/v2\/types\/post"}],"author":[{"embeddable":true,"href":"https:\/\/revistahubclub.com.br\/portal\/wp-json\/wp\/v2\/users\/1"}],"replies":[{"embeddable":true,"href":"https:\/\/revistahubclub.com.br\/portal\/wp-json\/wp\/v2\/comments?post=8183"}],"version-history":[{"count":1,"href":"https:\/\/revistahubclub.com.br\/portal\/wp-json\/wp\/v2\/posts\/8183\/revisions"}],"predecessor-version":[{"id":8185,"href":"https:\/\/revistahubclub.com.br\/portal\/wp-json\/wp\/v2\/posts\/8183\/revisions\/8185"}],"wp:featuredmedia":[{"embeddable":true,"href":"https:\/\/revistahubclub.com.br\/portal\/wp-json\/wp\/v2\/media\/8184"}],"wp:attachment":[{"href":"https:\/\/revistahubclub.com.br\/portal\/wp-json\/wp\/v2\/media?parent=8183"}],"wp:term":[{"taxonomy":"category","embeddable":true,"href":"https:\/\/revistahubclub.com.br\/portal\/wp-json\/wp\/v2\/categories?post=8183"},{"taxonomy":"post_tag","embeddable":true,"href":"https:\/\/revistahubclub.com.br\/portal\/wp-json\/wp\/v2\/tags?post=8183"}],"curies":[{"name":"wp","href":"https:\/\/api.w.org\/{rel}","templated":true}]}}