{"id":8200,"date":"2022-02-01T14:17:00","date_gmt":"2022-02-01T17:17:00","guid":{"rendered":"https:\/\/revistahubclub.com.br\/portal\/?p=8200"},"modified":"2025-01-03T14:18:03","modified_gmt":"2025-01-03T17:18:03","slug":"novo-cronograma-preve-imunizacao-de-36-mil-pessoas-em-uberlandia","status":"publish","type":"post","link":"https:\/\/revistahubclub.com.br\/portal\/2022\/02\/01\/novo-cronograma-preve-imunizacao-de-36-mil-pessoas-em-uberlandia\/","title":{"rendered":"Novo cronograma prev\u00ea imuniza\u00e7\u00e3o de 36 mil pessoas em Uberl\u00e2ndia"},"content":{"rendered":"\n<p id=\"viewer-foo\"><em>A programa\u00e7\u00e3o \u00e9 para que as crian\u00e7as de 5 a 11 anos sejam vacinadas com a primeira dose, al\u00e9m da aplica\u00e7\u00e3o da dose de refor\u00e7o em adultos vacinados at\u00e9 20\/9 com a segunda dose.<\/em><\/p>\n\n\n\n<p id=\"viewer-3khgg\"><em>Foto: banco de imagem<\/em><\/p>\n\n\n\n<p id=\"viewer-av8nr\">A prefeitura de Uberl\u00e2ndia, divulgou na \u00faltima ter\u00e7a-feira (25\/1) um novo cronograma de vacina\u00e7\u00e3o contra a coivd-19. A expectativa \u00e9 que o munic\u00edpio vacine 36 mil pessoas at\u00e9 quarta-feira(02\/2), somando a dose de refor\u00e7o nos adultos imunizados com a segunda dose at\u00e9 20 de setembro e a vacina\u00e7\u00e3o das crian\u00e7as, de 5 a 11 anos, com a primeira dose.<\/p>\n\n\n\n<p id=\"viewer-2bfqv\">A vacina\u00e7\u00e3o das crian\u00e7as est\u00e1 ocorrendo em 16 salas de vacina da rede municpal, exclusivamente, no hor\u00e1rio agendado para o local escolhido durante o cadastro no portal da prefeitura. J\u00e1 a vacina\u00e7\u00e3o da dose de refor\u00e7o aos adultos est\u00e1 ocorrendo na UTC (entrada pela avenida Get\u00falio Vargas) e no Centro Municipal de Cultura.<\/p>\n\n\n\n<p id=\"viewer-eic3u\"><em>Fonte: Di\u00e1rio de Uberl\u00e2ndia<\/em><\/p>\n","protected":false},"excerpt":{"rendered":"<p>A programa\u00e7\u00e3o \u00e9 para que as crian\u00e7as de 5 a 11 anos sejam vacinadas com a primeira dose, al\u00e9m da aplica\u00e7\u00e3o da dose de refor\u00e7o em adultos vacinados at\u00e9 20\/9<\/p>\n","protected":false},"author":1,"featured_media":8201,"comment_status":"open","ping_status":"open","sticky":false,"template":"","format":"standard","meta":{"footnotes":""},"categories":[1],"tags":[],"class_list":["post-8200","post","type-post","status-publish","format-standard","has-post-thumbnail","hentry","category-noticias"],"_links":{"self":[{"href":"https:\/\/revistahubclub.com.br\/portal\/wp-json\/wp\/v2\/posts\/8200","targetHints":{"allow":["GET"]}}],"collection":[{"href":"https:\/\/revistahubclub.com.br\/portal\/wp-json\/wp\/v2\/posts"}],"about":[{"href":"https:\/\/revistahubclub.com.br\/portal\/wp-json\/wp\/v2\/types\/post"}],"author":[{"embeddable":true,"href":"https:\/\/revistahubclub.com.br\/portal\/wp-json\/wp\/v2\/users\/1"}],"replies":[{"embeddable":true,"href":"https:\/\/revistahubclub.com.br\/portal\/wp-json\/wp\/v2\/comments?post=8200"}],"version-history":[{"count":1,"href":"https:\/\/revistahubclub.com.br\/portal\/wp-json\/wp\/v2\/posts\/8200\/revisions"}],"predecessor-version":[{"id":8202,"href":"https:\/\/revistahubclub.com.br\/portal\/wp-json\/wp\/v2\/posts\/8200\/revisions\/8202"}],"wp:featuredmedia":[{"embeddable":true,"href":"https:\/\/revistahubclub.com.br\/portal\/wp-json\/wp\/v2\/media\/8201"}],"wp:attachment":[{"href":"https:\/\/revistahubclub.com.br\/portal\/wp-json\/wp\/v2\/media?parent=8200"}],"wp:term":[{"taxonomy":"category","embeddable":true,"href":"https:\/\/revistahubclub.com.br\/portal\/wp-json\/wp\/v2\/categories?post=8200"},{"taxonomy":"post_tag","embeddable":true,"href":"https:\/\/revistahubclub.com.br\/portal\/wp-json\/wp\/v2\/tags?post=8200"}],"curies":[{"name":"wp","href":"https:\/\/api.w.org\/{rel}","templated":true}]}}