{"id":8233,"date":"2022-01-21T14:45:00","date_gmt":"2022-01-21T17:45:00","guid":{"rendered":"https:\/\/revistahubclub.com.br\/portal\/?p=8233"},"modified":"2025-01-03T14:45:54","modified_gmt":"2025-01-03T17:45:54","slug":"escolas-estaduais-de-minas-poderao-contar-com-psicologos-e-assistentes-sociais","status":"publish","type":"post","link":"https:\/\/revistahubclub.com.br\/portal\/2022\/01\/21\/escolas-estaduais-de-minas-poderao-contar-com-psicologos-e-assistentes-sociais\/","title":{"rendered":"Escolas estaduais de Minas poder\u00e3o contar com psic\u00f3logos e assistentes sociais"},"content":{"rendered":"\n<p id=\"viewer-foo\"><em>O edital para inscri\u00e7\u00f5es para os profissionais j\u00e1 foi publicado e as inscri\u00e7\u00f5es estar\u00e3o abertas na pr\u00f3xima sexta-feira(28).<\/em><\/p>\n\n\n\n<p id=\"viewer-77opc\"><em>Foto: Gil Leonardi \/ Imprensa MG<\/em><\/p>\n\n\n\n<p id=\"viewer-297tl\">Pela primeira vez, as escolas da rede estadual de ensino de Minas Gerais ganhar\u00e3o um importante refor\u00e7o no trabalho de desenvolvimento educacional dos estudantes e no processo de media\u00e7\u00e3o e melhoria das rela\u00e7\u00f5es com a comunidade escolar, atrav\u00e9s de psic\u00f3logos e assistentes sociais que atuarem junto \u00e0s escolas. A Secretaria de Estado de Educa\u00e7\u00e3o de Minas Gerais (SEE\/MG) deu in\u00edcio ao processo de contrata\u00e7\u00e3o desses profissionais, com a publica\u00e7\u00e3o do <a target=\"_blank\" href=\"https:\/\/www2.educacao.mg.gov.br\/images\/SEI_GOVMG_-_40955083_-_Edital.pdf\" rel=\"noreferrer noopener\"><u>edital de sele\u00e7\u00e3o<\/u><\/a> no <a target=\"_blank\" href=\"https:\/\/www.jornalminasgerais.mg.gov.br\/?dataJornal=2022-01-15\" rel=\"noreferrer noopener\"><u>Di\u00e1rio Oficial de Minas Gerais<\/u><\/a> na \u00faltima quinta-feira (20\/1).<\/p>\n\n\n\n<p id=\"viewer-ftakf\">Ser\u00e3o Contratados 460 profissionais para atuar em n\u00facleos espalhados por todas as 47 Superintend\u00eancias Regionais de Ensino (SREs). Nas unidades de atua\u00e7\u00e3o de psicologia e de servi\u00e7o social ser\u00e3o desenvolvidas a\u00e7\u00f5es que auxiliem no processo de ensino-aprendizagem, visando prevenir e minimizar os problemas educacionais, al\u00e9m de orientar a equipe gestora na media\u00e7\u00e3o de conflitos.<\/p>\n\n\n\n<p id=\"viewer-5ehl6\">No n\u00facleo, o trabalho do psic\u00f3logo ser\u00e1 o de acompanhar o ambiente escolar e participar do processo pedag\u00f3gico sem realizar uma atua\u00e7\u00e3o cl\u00ednica. J\u00e1 o assistente social dever\u00e1 garantir orienta\u00e7\u00f5es para a comunidade escolar quanto ao respeito e clareza dos direitos e deveres individuais e coletivos, com foco na melhoria das rela\u00e7\u00f5es de ensino e aprendizagem.<\/p>\n\n\n\n<p id=\"viewer-e8a5n\">O per\u00edodo de inscri\u00e7\u00e3o e envio da documenta\u00e7\u00e3o ser\u00e1 de sexta-feira (28\/1) a quinta-feira (3\/2). O cadastro dever\u00e1 ser realizado, exclusivamente, pela internet, por meio do preenchimento do Formul\u00e1rio de Inscri\u00e7\u00e3o dispon\u00edvel <a target=\"_blank\" href=\"http:\/\/www.pss.educacao.mg.gov.br\/\" rel=\"noreferrer noopener\"><u>neste endere\u00e7o<\/u><\/a>.<\/p>\n\n\n\n<p id=\"viewer-98udb\"><em>Fonte: Ag\u00eancia Minas<\/em> e <em>Secretaria de Educa\u00e7\u00e3o de Minas Gerais<\/em><\/p>\n","protected":false},"excerpt":{"rendered":"<p>O edital para inscri\u00e7\u00f5es para os profissionais j\u00e1 foi publicado e as inscri\u00e7\u00f5es estar\u00e3o abertas na pr\u00f3xima sexta-feira(28). Foto: Gil Leonardi \/ Imprensa MG Pela primeira vez, as escolas da<\/p>\n","protected":false},"author":1,"featured_media":8234,"comment_status":"open","ping_status":"open","sticky":false,"template":"","format":"standard","meta":{"footnotes":""},"categories":[1],"tags":[],"class_list":["post-8233","post","type-post","status-publish","format-standard","has-post-thumbnail","hentry","category-noticias"],"_links":{"self":[{"href":"https:\/\/revistahubclub.com.br\/portal\/wp-json\/wp\/v2\/posts\/8233","targetHints":{"allow":["GET"]}}],"collection":[{"href":"https:\/\/revistahubclub.com.br\/portal\/wp-json\/wp\/v2\/posts"}],"about":[{"href":"https:\/\/revistahubclub.com.br\/portal\/wp-json\/wp\/v2\/types\/post"}],"author":[{"embeddable":true,"href":"https:\/\/revistahubclub.com.br\/portal\/wp-json\/wp\/v2\/users\/1"}],"replies":[{"embeddable":true,"href":"https:\/\/revistahubclub.com.br\/portal\/wp-json\/wp\/v2\/comments?post=8233"}],"version-history":[{"count":1,"href":"https:\/\/revistahubclub.com.br\/portal\/wp-json\/wp\/v2\/posts\/8233\/revisions"}],"predecessor-version":[{"id":8235,"href":"https:\/\/revistahubclub.com.br\/portal\/wp-json\/wp\/v2\/posts\/8233\/revisions\/8235"}],"wp:featuredmedia":[{"embeddable":true,"href":"https:\/\/revistahubclub.com.br\/portal\/wp-json\/wp\/v2\/media\/8234"}],"wp:attachment":[{"href":"https:\/\/revistahubclub.com.br\/portal\/wp-json\/wp\/v2\/media?parent=8233"}],"wp:term":[{"taxonomy":"category","embeddable":true,"href":"https:\/\/revistahubclub.com.br\/portal\/wp-json\/wp\/v2\/categories?post=8233"},{"taxonomy":"post_tag","embeddable":true,"href":"https:\/\/revistahubclub.com.br\/portal\/wp-json\/wp\/v2\/tags?post=8233"}],"curies":[{"name":"wp","href":"https:\/\/api.w.org\/{rel}","templated":true}]}}