{"id":8236,"date":"2022-01-21T14:46:00","date_gmt":"2022-01-21T17:46:00","guid":{"rendered":"https:\/\/revistahubclub.com.br\/portal\/?p=8236"},"modified":"2025-01-03T14:46:25","modified_gmt":"2025-01-03T17:46:25","slug":"femur-2022-reune-lojistas-de-todo-o-brasil-e-marca-a-retomada-economica-do-setor-moveleiro","status":"publish","type":"post","link":"https:\/\/revistahubclub.com.br\/portal\/2022\/01\/21\/femur-2022-reune-lojistas-de-todo-o-brasil-e-marca-a-retomada-economica-do-setor-moveleiro\/","title":{"rendered":"FEMUR 2022 re\u00fane lojistas de todo o Brasil e marca a retomada econ\u00f4mica do setor moveleiro"},"content":{"rendered":"\n<p id=\"viewer-foo\"><em>A maior feira de m\u00f3veis do estado de Minas Gerais reunir\u00e1 empresas e profissionais que produzem, vendem ou trabalham com produtos de mobili\u00e1rio.<\/em><\/p>\n\n\n\n<p id=\"viewer-bq05v\"><em>Foto: banco de imagens<\/em><\/p>\n\n\n\n<p id=\"viewer-3m04p\">Na pr\u00f3xima segunda-feira(24), come\u00e7a a 15\u00aa edi\u00e7\u00e3o da maior feira de m\u00f3veis do estado de Minas Gerais. Realizada at\u00e9 quinta-feira(27) das 14h \u00e0s 21h no Pavilh\u00e3o de Exposi\u00e7\u00f5es do Horto Florestal, em Ub\u00e1, a feira visa reabrir as rodadas de com\u00e9rcio do mercado moveleiro, promovendo o reencontro dos fabricantes, lojistas, expositores e empresariado do setor.<\/p>\n\n\n\n<p id=\"viewer-1u8nk\">Com o conceito \u201cFemur &#8211; um mundo aberto de oportunidades\u201d, a FEMUR apresentar\u00e1 os lan\u00e7amentos e as novas tend\u00eancias que estar\u00e3o \u00e0 disposi\u00e7\u00e3o dos consumidores e clientes no mercado de m\u00f3veis em 2022. Com dezenas de expositores e os aguardados mais de 12 mil visitantes nos quatro dias, o evento se apresenta como uma excelente oportunidade para criar neg\u00f3cios, ampliar parcerias e gerar crescimento para todo o setor moveleiro.<\/p>\n\n\n\n<p id=\"viewer-48g96\">O evento ser\u00e1 gratuito e exclusivo para empresas e profissionais que produzem, vendem ou trabalham com produtos de mobili\u00e1rio. Quem desejar participar deve fazer credenciamento online, <a target=\"_blank\" href=\"https:\/\/www.hbatools.com.br\/femur-2022__962\" rel=\"noreferrer noopener\"><u>neste link<\/u><\/a>. A realiza\u00e7\u00e3o \u00e9 do Intersind (Sindicato Intermunicipal das Ind\u00fastrias do Mobili\u00e1rio de Ub\u00e1), com apoio da FIEMG e da Prefeitura de Ub\u00e1.<\/p>\n\n\n\n<p id=\"viewer-9lnti\">Para a entrada, ser\u00e1 obrigat\u00f3rio seguir as regras sanit\u00e1rias previstas no Plano Minas Consciente, do governo estadual. Dessa maneira, o visitante deve concordar em apresentar o cart\u00e3o de vacina\u00e7\u00e3o contra Covid-19, com duas doses h\u00e1 pelo menos 15 dias, ou exames laboratoriais que comprovem a n\u00e3o contamina\u00e7\u00e3o pelo coronavirus com, no m\u00e1ximo, 72 horas. Durante toda a perman\u00eancia na feira ser\u00e1 obrigat\u00f3rio o uso de m\u00e1scaras cir\u00fargicas ou N-95, al\u00e9m de ser necess\u00e1rio manter o distanciamento social e fazer a higieniza\u00e7\u00e3o das m\u00e3os sempre que poss\u00edvel.<\/p>\n\n\n\n<p id=\"viewer-cerek\"><em>Fonte: Fiemg<\/em><\/p>\n","protected":false},"excerpt":{"rendered":"<p>A maior feira de m\u00f3veis do estado de Minas Gerais reunir\u00e1 empresas e profissionais que produzem, vendem ou trabalham com produtos de mobili\u00e1rio. Foto: banco de imagens Na pr\u00f3xima segunda-feira(24),<\/p>\n","protected":false},"author":1,"featured_media":8237,"comment_status":"open","ping_status":"open","sticky":false,"template":"","format":"standard","meta":{"footnotes":""},"categories":[1],"tags":[],"class_list":["post-8236","post","type-post","status-publish","format-standard","has-post-thumbnail","hentry","category-noticias"],"_links":{"self":[{"href":"https:\/\/revistahubclub.com.br\/portal\/wp-json\/wp\/v2\/posts\/8236","targetHints":{"allow":["GET"]}}],"collection":[{"href":"https:\/\/revistahubclub.com.br\/portal\/wp-json\/wp\/v2\/posts"}],"about":[{"href":"https:\/\/revistahubclub.com.br\/portal\/wp-json\/wp\/v2\/types\/post"}],"author":[{"embeddable":true,"href":"https:\/\/revistahubclub.com.br\/portal\/wp-json\/wp\/v2\/users\/1"}],"replies":[{"embeddable":true,"href":"https:\/\/revistahubclub.com.br\/portal\/wp-json\/wp\/v2\/comments?post=8236"}],"version-history":[{"count":1,"href":"https:\/\/revistahubclub.com.br\/portal\/wp-json\/wp\/v2\/posts\/8236\/revisions"}],"predecessor-version":[{"id":8238,"href":"https:\/\/revistahubclub.com.br\/portal\/wp-json\/wp\/v2\/posts\/8236\/revisions\/8238"}],"wp:featuredmedia":[{"embeddable":true,"href":"https:\/\/revistahubclub.com.br\/portal\/wp-json\/wp\/v2\/media\/8237"}],"wp:attachment":[{"href":"https:\/\/revistahubclub.com.br\/portal\/wp-json\/wp\/v2\/media?parent=8236"}],"wp:term":[{"taxonomy":"category","embeddable":true,"href":"https:\/\/revistahubclub.com.br\/portal\/wp-json\/wp\/v2\/categories?post=8236"},{"taxonomy":"post_tag","embeddable":true,"href":"https:\/\/revistahubclub.com.br\/portal\/wp-json\/wp\/v2\/tags?post=8236"}],"curies":[{"name":"wp","href":"https:\/\/api.w.org\/{rel}","templated":true}]}}