{"id":8245,"date":"2022-01-20T14:47:00","date_gmt":"2022-01-20T17:47:00","guid":{"rendered":"https:\/\/revistahubclub.com.br\/portal\/?p=8245"},"modified":"2025-01-03T14:48:05","modified_gmt":"2025-01-03T17:48:05","slug":"projeto-da-prefeitura-de-uberlandia-mapeia-demandas-de-empreendedores","status":"publish","type":"post","link":"https:\/\/revistahubclub.com.br\/portal\/2022\/01\/20\/projeto-da-prefeitura-de-uberlandia-mapeia-demandas-de-empreendedores\/","title":{"rendered":"Projeto da Prefeitura de Uberl\u00e2ndia mapeia demandas de empreendedores"},"content":{"rendered":"\n<p id=\"viewer-foo\"><em>A iniciativa visa levantar as reivindica\u00e7\u00f5es e dificuldades do setor de micro e pequenas empresas e microempreendedores individuais (MEIs).<\/em><\/p>\n\n\n\n<p id=\"viewer-fi852\"><em>Foto: Divulga\u00e7\u00e3o\/Prefeitura de Uberl\u00e2ndia<\/em><\/p>\n\n\n\n<p id=\"viewer-dita2\">A Prefeitura Municipal de Uberl\u00e2ndia organizou um projeto chamado &#8220;Turn\u00ea seu Neg\u00f3cio&#8221; para mapear as demandas dos empreendedores da cidade, com objetivo de levantar as reivindica\u00e7\u00f5es do setor e elaborar pol\u00edticas p\u00fablicas de aprimoramento. Os aplicadores ir\u00e3o ouvir micro e pequenas empresas e microempreendedores individuais (MEIs).<\/p>\n\n\n\n<p id=\"viewer-7res2\">Em parceria com a Sebrae Minas, a iniciativa levantar\u00e1 as dificuldades dos pequenos empreendimentos de Uberl\u00e2ndia, o que proporcionar\u00e1 aos participantes dados estat\u00edsticos da gest\u00e3o de cada empresa. Os empreendedores responderam a um question\u00e1rio com 22 perguntas, abordando quest\u00f5es como gest\u00e3o financeira, marketing e vendas, processos, inova\u00e7\u00f5es e muito mais.<\/p>\n\n\n\n<p id=\"viewer-f1fvr\"><em>Fonte: Aciub e Prefeitura de Uberl\u00e2ndia<\/em><\/p>\n","protected":false},"excerpt":{"rendered":"<p>A iniciativa visa levantar as reivindica\u00e7\u00f5es e dificuldades do setor de micro e pequenas empresas e microempreendedores individuais (MEIs). Foto: Divulga\u00e7\u00e3o\/Prefeitura de Uberl\u00e2ndia A Prefeitura Municipal de Uberl\u00e2ndia organizou um<\/p>\n","protected":false},"author":1,"featured_media":8246,"comment_status":"open","ping_status":"open","sticky":false,"template":"","format":"standard","meta":{"footnotes":""},"categories":[1],"tags":[],"class_list":["post-8245","post","type-post","status-publish","format-standard","has-post-thumbnail","hentry","category-noticias"],"_links":{"self":[{"href":"https:\/\/revistahubclub.com.br\/portal\/wp-json\/wp\/v2\/posts\/8245","targetHints":{"allow":["GET"]}}],"collection":[{"href":"https:\/\/revistahubclub.com.br\/portal\/wp-json\/wp\/v2\/posts"}],"about":[{"href":"https:\/\/revistahubclub.com.br\/portal\/wp-json\/wp\/v2\/types\/post"}],"author":[{"embeddable":true,"href":"https:\/\/revistahubclub.com.br\/portal\/wp-json\/wp\/v2\/users\/1"}],"replies":[{"embeddable":true,"href":"https:\/\/revistahubclub.com.br\/portal\/wp-json\/wp\/v2\/comments?post=8245"}],"version-history":[{"count":1,"href":"https:\/\/revistahubclub.com.br\/portal\/wp-json\/wp\/v2\/posts\/8245\/revisions"}],"predecessor-version":[{"id":8247,"href":"https:\/\/revistahubclub.com.br\/portal\/wp-json\/wp\/v2\/posts\/8245\/revisions\/8247"}],"wp:featuredmedia":[{"embeddable":true,"href":"https:\/\/revistahubclub.com.br\/portal\/wp-json\/wp\/v2\/media\/8246"}],"wp:attachment":[{"href":"https:\/\/revistahubclub.com.br\/portal\/wp-json\/wp\/v2\/media?parent=8245"}],"wp:term":[{"taxonomy":"category","embeddable":true,"href":"https:\/\/revistahubclub.com.br\/portal\/wp-json\/wp\/v2\/categories?post=8245"},{"taxonomy":"post_tag","embeddable":true,"href":"https:\/\/revistahubclub.com.br\/portal\/wp-json\/wp\/v2\/tags?post=8245"}],"curies":[{"name":"wp","href":"https:\/\/api.w.org\/{rel}","templated":true}]}}