{"id":8254,"date":"2022-01-19T14:48:00","date_gmt":"2022-01-19T17:48:00","guid":{"rendered":"https:\/\/revistahubclub.com.br\/portal\/?p=8254"},"modified":"2025-01-03T14:49:17","modified_gmt":"2025-01-03T17:49:17","slug":"criancas-de-5-a-11-anos-com-comorbidades-recebem-a-primeira-dose-em-uberlandia","status":"publish","type":"post","link":"https:\/\/revistahubclub.com.br\/portal\/2022\/01\/19\/criancas-de-5-a-11-anos-com-comorbidades-recebem-a-primeira-dose-em-uberlandia\/","title":{"rendered":"Crian\u00e7as de 5 a 11 anos com comorbidades recebem a primeira dose em Uberl\u00e2ndia"},"content":{"rendered":"\n<p id=\"viewer-foo\"><em>26 mil crian\u00e7as j\u00e1 est\u00e3o cadastradas no site para receberem a primeira dose da vacina contra a covid<\/em>.<\/p>\n\n\n\n<p id=\"viewer-4ttqm\"><em>Cau\u00ea, de 10 anos, foi um dos primeiros a receberam a primeira dose do imunizante. | Foto: Gabriele Le\u00e3o\/Di\u00e1rio de Uberl\u00e2ndia<\/em><\/p>\n\n\n\n<p id=\"viewer-estfg\">Nesta quarta-feira (19), a cidade de Uberl\u00e2ndia iniciou a vacina\u00e7\u00e3o do p\u00fablico infantil de 5 a 11 anos contra a covid-19. As 3.470 doses pedi\u00e1tricas da Pfizer chegaram na cidade na \u00faltima segunda-feira(17) e est\u00e3o sendo distribu\u00eddas em 16 salas de imuniza\u00e7\u00e3o da cidade. Segundo o Portal da Prefeitura, 26 mil crian\u00e7as j\u00e1 est\u00e3o cadastradas para receber a primeira dose e at\u00e9 amanh\u00e3, a expectativa \u00e9 que mil crian\u00e7as estejam imunizadas.<\/p>\n\n\n\n<p id=\"viewer-4sco7\">O munic\u00edpio possui a estimativa de vacinar ao todo 56 mil crian\u00e7as, dessas, apenas 22,4% fizeram o cadastro. O cadastro pode ser feito no site do Portal da Prefeitura e deve ser indicado o pai ou respons\u00e1vel pela crian\u00e7a que ir\u00e1 acompanh\u00e1-la no dia e hor\u00e1rio marcado para a aplica\u00e7\u00e3o. O atentado de comorbidade deve ser apresentado no local.<\/p>\n\n\n\n<p id=\"viewer-ama8c\">O Governo Federal assinou para 2022, um contrato para aquisi\u00e7\u00e3o de mais de 100 milh\u00f5es de doses da Pfizer. Para as crian\u00e7as, o esquema vacinal ter\u00e1 o intervalo de oito semanas com dosagem e composi\u00e7\u00e3o diferente que a utilizada para os maiores de 12 anos.<\/p>\n\n\n\n<p id=\"viewer-euck9\"><em>Fonte: Di\u00e1rio de Uberl\u00e2ndia<\/em><\/p>\n\n\n\n<p><\/p>\n","protected":false},"excerpt":{"rendered":"<p>26 mil crian\u00e7as j\u00e1 est\u00e3o cadastradas no site para receberem a primeira dose da vacina contra a covid. Cau\u00ea, de 10 anos, foi um dos primeiros a receberam a primeira<\/p>\n","protected":false},"author":1,"featured_media":8255,"comment_status":"open","ping_status":"open","sticky":false,"template":"","format":"standard","meta":{"footnotes":""},"categories":[1],"tags":[],"class_list":["post-8254","post","type-post","status-publish","format-standard","has-post-thumbnail","hentry","category-noticias"],"_links":{"self":[{"href":"https:\/\/revistahubclub.com.br\/portal\/wp-json\/wp\/v2\/posts\/8254","targetHints":{"allow":["GET"]}}],"collection":[{"href":"https:\/\/revistahubclub.com.br\/portal\/wp-json\/wp\/v2\/posts"}],"about":[{"href":"https:\/\/revistahubclub.com.br\/portal\/wp-json\/wp\/v2\/types\/post"}],"author":[{"embeddable":true,"href":"https:\/\/revistahubclub.com.br\/portal\/wp-json\/wp\/v2\/users\/1"}],"replies":[{"embeddable":true,"href":"https:\/\/revistahubclub.com.br\/portal\/wp-json\/wp\/v2\/comments?post=8254"}],"version-history":[{"count":1,"href":"https:\/\/revistahubclub.com.br\/portal\/wp-json\/wp\/v2\/posts\/8254\/revisions"}],"predecessor-version":[{"id":8256,"href":"https:\/\/revistahubclub.com.br\/portal\/wp-json\/wp\/v2\/posts\/8254\/revisions\/8256"}],"wp:featuredmedia":[{"embeddable":true,"href":"https:\/\/revistahubclub.com.br\/portal\/wp-json\/wp\/v2\/media\/8255"}],"wp:attachment":[{"href":"https:\/\/revistahubclub.com.br\/portal\/wp-json\/wp\/v2\/media?parent=8254"}],"wp:term":[{"taxonomy":"category","embeddable":true,"href":"https:\/\/revistahubclub.com.br\/portal\/wp-json\/wp\/v2\/categories?post=8254"},{"taxonomy":"post_tag","embeddable":true,"href":"https:\/\/revistahubclub.com.br\/portal\/wp-json\/wp\/v2\/tags?post=8254"}],"curies":[{"name":"wp","href":"https:\/\/api.w.org\/{rel}","templated":true}]}}