{"id":8288,"date":"2022-01-14T14:54:00","date_gmt":"2022-01-14T17:54:00","guid":{"rendered":"https:\/\/revistahubclub.com.br\/portal\/?p=8288"},"modified":"2025-01-03T14:55:23","modified_gmt":"2025-01-03T17:55:23","slug":"acontecimentos-do-mercado-3","status":"publish","type":"post","link":"https:\/\/revistahubclub.com.br\/portal\/2022\/01\/14\/acontecimentos-do-mercado-3\/","title":{"rendered":"Acontecimentos do mercado"},"content":{"rendered":"\n<p id=\"viewer-foo\"><em>Not\u00edcias marcantes, neg\u00f3cios, eventos, pessoas e fatos.<\/em><\/p>\n\n\n\n<p id=\"viewer-47o7i\"><em>C\u00e9lio Cardoso<\/em><\/p>\n\n\n\n<p id=\"viewer-4bshm\"><em>Fotos Divulga\u00e7\u00e3o | Flash Life<\/em><\/p>\n\n\n\n<p id=\"viewer-7tb40\"><em>C\u00e9lio Cardoso, fundador da Hub Conex\u00f5es Empresariais.<\/em><\/p>\n\n\n\n<figure class=\"wp-block-image\"><img loading=\"lazy\" decoding=\"async\" width=\"592\" height=\"399\" src=\"https:\/\/revistahubclub.com.br\/portal\/wp-content\/uploads\/2025\/01\/4ac39f_32c6b984239d4b6fbb0ec4d66f931a5amv2.jpg\" alt=\"\" class=\"wp-image-8291\" srcset=\"https:\/\/revistahubclub.com.br\/portal\/wp-content\/uploads\/2025\/01\/4ac39f_32c6b984239d4b6fbb0ec4d66f931a5amv2.jpg 592w, https:\/\/revistahubclub.com.br\/portal\/wp-content\/uploads\/2025\/01\/4ac39f_32c6b984239d4b6fbb0ec4d66f931a5amv2-300x202.jpg 300w\" sizes=\"auto, (max-width: 592px) 100vw, 592px\" \/><\/figure>\n\n\n\n<p id=\"viewer-5nuui\"><em>C\u00edcero Novaes, presidente da CDL.<\/em><\/p>\n\n\n\n<p id=\"viewer-dmq2d\"><strong>Investimentos<\/strong><\/p>\n\n\n\n<p id=\"viewer-515h1\">Nos pr\u00f3ximos meses, a CDL Uberl\u00e2ndia ter\u00e1 um novo local para eventos. O CDL Conven\u00e7\u00f5es e Eventos est\u00e1 passando por uma grande reforma e em breve o espa\u00e7o ganhar\u00e1 um formato mais contempor\u00e2neo e clean, ideal para ocasi\u00f5es corporativas e sociais.<\/p>\n\n\n\n<figure class=\"wp-block-image\"><img loading=\"lazy\" decoding=\"async\" width=\"592\" height=\"644\" src=\"https:\/\/revistahubclub.com.br\/portal\/wp-content\/uploads\/2025\/01\/4ac39f_9fbcfd4b432f4134ac70ecc7fd3d4994mv2.jpg\" alt=\"\" class=\"wp-image-8293\" srcset=\"https:\/\/revistahubclub.com.br\/portal\/wp-content\/uploads\/2025\/01\/4ac39f_9fbcfd4b432f4134ac70ecc7fd3d4994mv2.jpg 592w, https:\/\/revistahubclub.com.br\/portal\/wp-content\/uploads\/2025\/01\/4ac39f_9fbcfd4b432f4134ac70ecc7fd3d4994mv2-276x300.jpg 276w\" sizes=\"auto, (max-width: 592px) 100vw, 592px\" \/><\/figure>\n\n\n\n<p id=\"viewer-1bar2\"><em>Pierre-Jean Fossat, CEO da Companhia.<\/em><\/p>\n\n\n\n<p id=\"viewer-2t04c\"><strong>Solu\u00e7\u00f5es completas<\/strong><\/p>\n\n\n\n<p id=\"viewer-2ak09\">A multinacional francesa de gest\u00e3o de benef\u00edcios Up Brasil tem focado em benef\u00edcios que agreguem no dia a dia das pessoas, como o seguro de vida em grupo, UpGo de adiantamento salarial e UP Home Office, uma plataforma que conta com os maiores e-commerces parceiros e servi\u00e7os de pagamento de contas de consumo do pa\u00eds. O objetivo \u00e9 oferecer produtos completos para auxiliar na gest\u00e3o de benef\u00edcios.<\/p>\n\n\n\n<figure class=\"wp-block-image\"><img loading=\"lazy\" decoding=\"async\" width=\"592\" height=\"511\" src=\"https:\/\/revistahubclub.com.br\/portal\/wp-content\/uploads\/2025\/01\/4ac39f_82b0a962e24743449ca11f1d0a1becf8mv2.jpg\" alt=\"\" class=\"wp-image-8292\" srcset=\"https:\/\/revistahubclub.com.br\/portal\/wp-content\/uploads\/2025\/01\/4ac39f_82b0a962e24743449ca11f1d0a1becf8mv2.jpg 592w, https:\/\/revistahubclub.com.br\/portal\/wp-content\/uploads\/2025\/01\/4ac39f_82b0a962e24743449ca11f1d0a1becf8mv2-300x259.jpg 300w\" sizes=\"auto, (max-width: 592px) 100vw, 592px\" \/><\/figure>\n\n\n\n<p id=\"viewer-2elbp\"><em>Sebasti\u00e3o Longuinho, diretor da Brasal Incorpora\u00e7\u00f5es Uberl\u00e2ndia.<\/em><\/p>\n\n\n\n<p id=\"viewer-8lnsp\"><strong>Brasal det\u00e9m certifica\u00e7\u00e3o PBQP-H<\/strong><\/p>\n\n\n\n<p id=\"viewer-1thh3\">O engenheiro civil, Sebasti\u00e3o Longuinho, novo diretor da Brasal Incorpora\u00e7\u00f5es Uberl\u00e2ndia, comemora junto \u00e0 equipe, a contempla\u00e7\u00e3o da certifica\u00e7\u00e3o n\u00edvel \u201cA\u201d, do Sistema de Avalia\u00e7\u00e3o da Conformidade de Empresas de Servi\u00e7os de Obras (SiAC), que integra o Programa Brasileiro da Qualidade Produtividade do Habitat (PBQP-H). A certifica\u00e7\u00e3o representa o cumprimento de rigorosas normas de controle, tanto em seus processos e requisitos construtivos, quanto nos administrativos e o compromisso com padr\u00f5es reconhecidos, alicer\u00e7ados na confian\u00e7a e solidez.<\/p>\n\n\n\n<figure class=\"wp-block-image\"><img loading=\"lazy\" decoding=\"async\" width=\"592\" height=\"394\" src=\"https:\/\/revistahubclub.com.br\/portal\/wp-content\/uploads\/2025\/01\/4ac39f_43ed297cd9f4426db605ac3c24094450mv2.jpg\" alt=\"\" class=\"wp-image-8290\" srcset=\"https:\/\/revistahubclub.com.br\/portal\/wp-content\/uploads\/2025\/01\/4ac39f_43ed297cd9f4426db605ac3c24094450mv2.jpg 592w, https:\/\/revistahubclub.com.br\/portal\/wp-content\/uploads\/2025\/01\/4ac39f_43ed297cd9f4426db605ac3c24094450mv2-300x200.jpg 300w\" sizes=\"auto, (max-width: 592px) 100vw, 592px\" \/><\/figure>\n\n\n\n<p id=\"viewer-8falf\"><em>Luciano Silveira e Aline Vilela, diretores da Vi\u00fava Chic.<\/em><\/p>\n\n\n\n<p id=\"viewer-epp2i\"><strong>Mercado de vinhos<\/strong><\/p>\n\n\n\n<p id=\"viewer-11tbj\">De olho no crescimento do mercado de vinhos, a Vi\u00fava Chic &#8211; empresa de Uberl\u00e2ndia que surgiu nas redes sociais durante a pandemia, atrai clientes com consultoria e dicas simples sobre o mundo dos vinhos. O neg\u00f3cio, comandado pelos empres\u00e1rios Aline Vilela e Luciano Silveira, foi criado h\u00e1 sete meses com o prop\u00f3sito de n\u00e3o apenas comercializar a bebida, mas tamb\u00e9m ajudar as pessoas na arte deliciosa de tomar um bom vinho. A boutique comercializa uma diversificada carta de vinhos: tintos, brancos, ros\u00e9s, verdes, espumantes, produzidos no Brasil e em outros pa\u00edses, como Argentina, Chile, Uruguai, Portugal, Fran\u00e7a, It\u00e1lia e \u00c1frica do Sul. As vendas, tanto de r\u00f3tulos nacionais como importados, que sempre foram feitas pelas redes sociais, v\u00e3o ser expandidas para todo o Brasil com o site de e-commerce, que ser\u00e1 lan\u00e7ado em breve. Tamb\u00e9m deve ser aberto um showroom em Uberl\u00e2ndia e uma filial no estado de Goi\u00e1s.<\/p>\n","protected":false},"excerpt":{"rendered":"<p>Not\u00edcias marcantes, neg\u00f3cios, eventos, pessoas e fatos. C\u00e9lio Cardoso Fotos Divulga\u00e7\u00e3o | Flash Life C\u00e9lio Cardoso, fundador da Hub Conex\u00f5es Empresariais. C\u00edcero Novaes, presidente da CDL. Investimentos Nos pr\u00f3ximos meses,<\/p>\n","protected":false},"author":1,"featured_media":8289,"comment_status":"open","ping_status":"open","sticky":false,"template":"","format":"standard","meta":{"footnotes":""},"categories":[1],"tags":[],"class_list":["post-8288","post","type-post","status-publish","format-standard","has-post-thumbnail","hentry","category-noticias"],"_links":{"self":[{"href":"https:\/\/revistahubclub.com.br\/portal\/wp-json\/wp\/v2\/posts\/8288","targetHints":{"allow":["GET"]}}],"collection":[{"href":"https:\/\/revistahubclub.com.br\/portal\/wp-json\/wp\/v2\/posts"}],"about":[{"href":"https:\/\/revistahubclub.com.br\/portal\/wp-json\/wp\/v2\/types\/post"}],"author":[{"embeddable":true,"href":"https:\/\/revistahubclub.com.br\/portal\/wp-json\/wp\/v2\/users\/1"}],"replies":[{"embeddable":true,"href":"https:\/\/revistahubclub.com.br\/portal\/wp-json\/wp\/v2\/comments?post=8288"}],"version-history":[{"count":1,"href":"https:\/\/revistahubclub.com.br\/portal\/wp-json\/wp\/v2\/posts\/8288\/revisions"}],"predecessor-version":[{"id":8294,"href":"https:\/\/revistahubclub.com.br\/portal\/wp-json\/wp\/v2\/posts\/8288\/revisions\/8294"}],"wp:featuredmedia":[{"embeddable":true,"href":"https:\/\/revistahubclub.com.br\/portal\/wp-json\/wp\/v2\/media\/8289"}],"wp:attachment":[{"href":"https:\/\/revistahubclub.com.br\/portal\/wp-json\/wp\/v2\/media?parent=8288"}],"wp:term":[{"taxonomy":"category","embeddable":true,"href":"https:\/\/revistahubclub.com.br\/portal\/wp-json\/wp\/v2\/categories?post=8288"},{"taxonomy":"post_tag","embeddable":true,"href":"https:\/\/revistahubclub.com.br\/portal\/wp-json\/wp\/v2\/tags?post=8288"}],"curies":[{"name":"wp","href":"https:\/\/api.w.org\/{rel}","templated":true}]}}