{"id":8301,"date":"2022-01-13T14:56:00","date_gmt":"2022-01-13T17:56:00","guid":{"rendered":"https:\/\/revistahubclub.com.br\/portal\/?p=8301"},"modified":"2025-01-03T14:56:37","modified_gmt":"2025-01-03T17:56:37","slug":"expocafe-2022-tem-modelo-e-datas-definidas","status":"publish","type":"post","link":"https:\/\/revistahubclub.com.br\/portal\/2022\/01\/13\/expocafe-2022-tem-modelo-e-datas-definidas\/","title":{"rendered":"Expocaf\u00e9 2022 tem modelo e datas definidas"},"content":{"rendered":"\n<p id=\"viewer-foo\"><em>A principal feira da cafeicultura mineira ir\u00e1 ocorrer entre os dias 25 e 27 de maio em Tr\u00eas Pontas (MG). Edi\u00e7\u00e3o deste ano tamb\u00e9m ter\u00e1 programa\u00e7\u00e3o on-line<\/em><\/p>\n\n\n\n<p id=\"viewer-54b33\"><em>Foto: Bruno Menezes &#8211; Ascom\/Epamig<\/em><\/p>\n\n\n\n<p id=\"viewer-evk6p\">O Conselho gestor da Expocaf\u00e9 definiu esta semana, as datas e o modelo da principal feira da cafeicultura mineira de 2022. O evento ocorrer\u00e1 entre os dias 25 e 27 de maio, no Campo da Epamig de Tr\u00eas Pontas, munic\u00edpio do Sul de Minas Gerais. Para participar, o p\u00fablico e os expositores dever\u00e3o respeitar os protocolos sanit\u00e1rios de preven\u00e7\u00e3o \u00e0 Covid-19.<\/p>\n\n\n\n<p id=\"viewer-c7kl2\">Antes da pandemia de Covid-19, as \u00faltimas quatro edi\u00e7\u00f5es da Expocaf\u00e9 movimentaram cerca de 200 milh\u00f5es de reais por ano. Em 2016 e 2017, o evento contou com a participa\u00e7\u00e3o de 130 empresas de tecnologias, secadores, tratores, ro\u00e7adeiras, adubadeiras, plantadeiras, podadeiras, derri\u00e7adeiras, al\u00e9m de softwares e servi\u00e7os para o setor cafeeiro. Em 2018 o n\u00famero de empresas saltou para 160.<\/p>\n\n\n\n<p id=\"viewer-4galo\">Segundo o Conselho, as negocia\u00e7\u00f5es de estandes j\u00e1 est\u00e3o em andamento e as empresas interessadas dever\u00e3o entrar em contato pelos e-mails comerciais antonio.expocafe@epamig.br ou joao.prado@epamig.br.<\/p>\n\n\n\n<p id=\"viewer-7mp9g\">No dia 24 de maio, um dia antes da abertura oficial da feira, ocorrer\u00e1 o 11\u00ba Simp\u00f3sio de Mecaniza\u00e7\u00e3o da Lavoura Cafeeira, tamb\u00e9m no Campo da Epamig de Tr\u00eas Pontas (MG). O Simp\u00f3sio, que re\u00fane pesquisadores, professores, t\u00e9cnicos, produtores e estudantes, \u00e9 exclusivo para participantes previamente inscritos.<\/p>\n\n\n\n<p id=\"viewer-bo1nj\">Al\u00e9m do modelo presencial, a Expocaf\u00e9 2022 tamb\u00e9m ser\u00e1 realizada em ambiente virtual. Entre os dias 16 e 20 de maio, uma semana antes da feira, vai ao ar o Encontro T\u00e9cnico, destinado a participantes com inscri\u00e7\u00e3o pr\u00e9via.<\/p>\n\n\n\n<p id=\"viewer-82vn6\"><em>Fonte: Bruno Menezes &#8211; Ascom\/Epamig com altera\u00e7\u00f5es<\/em><\/p>\n","protected":false},"excerpt":{"rendered":"<p>A principal feira da cafeicultura mineira ir\u00e1 ocorrer entre os dias 25 e 27 de maio em Tr\u00eas Pontas (MG). Edi\u00e7\u00e3o deste ano tamb\u00e9m ter\u00e1 programa\u00e7\u00e3o on-line Foto: Bruno Menezes<\/p>\n","protected":false},"author":1,"featured_media":8302,"comment_status":"open","ping_status":"open","sticky":false,"template":"","format":"standard","meta":{"footnotes":""},"categories":[1],"tags":[],"class_list":["post-8301","post","type-post","status-publish","format-standard","has-post-thumbnail","hentry","category-noticias"],"_links":{"self":[{"href":"https:\/\/revistahubclub.com.br\/portal\/wp-json\/wp\/v2\/posts\/8301","targetHints":{"allow":["GET"]}}],"collection":[{"href":"https:\/\/revistahubclub.com.br\/portal\/wp-json\/wp\/v2\/posts"}],"about":[{"href":"https:\/\/revistahubclub.com.br\/portal\/wp-json\/wp\/v2\/types\/post"}],"author":[{"embeddable":true,"href":"https:\/\/revistahubclub.com.br\/portal\/wp-json\/wp\/v2\/users\/1"}],"replies":[{"embeddable":true,"href":"https:\/\/revistahubclub.com.br\/portal\/wp-json\/wp\/v2\/comments?post=8301"}],"version-history":[{"count":1,"href":"https:\/\/revistahubclub.com.br\/portal\/wp-json\/wp\/v2\/posts\/8301\/revisions"}],"predecessor-version":[{"id":8303,"href":"https:\/\/revistahubclub.com.br\/portal\/wp-json\/wp\/v2\/posts\/8301\/revisions\/8303"}],"wp:featuredmedia":[{"embeddable":true,"href":"https:\/\/revistahubclub.com.br\/portal\/wp-json\/wp\/v2\/media\/8302"}],"wp:attachment":[{"href":"https:\/\/revistahubclub.com.br\/portal\/wp-json\/wp\/v2\/media?parent=8301"}],"wp:term":[{"taxonomy":"category","embeddable":true,"href":"https:\/\/revistahubclub.com.br\/portal\/wp-json\/wp\/v2\/categories?post=8301"},{"taxonomy":"post_tag","embeddable":true,"href":"https:\/\/revistahubclub.com.br\/portal\/wp-json\/wp\/v2\/tags?post=8301"}],"curies":[{"name":"wp","href":"https:\/\/api.w.org\/{rel}","templated":true}]}}