{"id":831,"date":"2024-09-02T09:29:00","date_gmt":"2024-09-02T12:29:00","guid":{"rendered":"https:\/\/revistahubclub.com.br\/portal\/?p=831"},"modified":"2024-12-12T09:31:20","modified_gmt":"2024-12-12T12:31:20","slug":"republica-sertaneja-o-retorno-triunfal-do-palco-sertanejo","status":"publish","type":"post","link":"https:\/\/revistahubclub.com.br\/portal\/2024\/09\/02\/republica-sertaneja-o-retorno-triunfal-do-palco-sertanejo\/","title":{"rendered":"Rep\u00fablica Sertaneja &#8211; O retorno triunfal do palco sertanejo"},"content":{"rendered":"\n<p id=\"viewer-foo\">O retorno triunfal do palco sertanejo: revelando novos talentos e celebrando a m\u00fasica sertaneja regional<\/p>\n\n\n\n<p id=\"viewer-3t1eq477\"><strong><em>C\u00e9lio Cardoso | Fotos Mauro Marques<\/em><\/strong><\/p>\n\n\n\n<p id=\"viewer-y7oiv127\">Em um cen\u00e1rio musical marcado pela constante renova\u00e7\u00e3o e busca por novos talentos, um projeto ic\u00f4nico das quintas sertanejas est\u00e1 de volta para encantar os amantes da m\u00fasica sertaneja.<\/p>\n\n\n\n<p id=\"viewer-kg6lx132\">Com uma proposta arrojada e o compromisso de revelar e impulsionar novas vozes, o evento que marcou \u00e9poca de 2012 a 2014 retorna com for\u00e7a total, prometendo emocionar o p\u00fablico e reafirmar seu papel como celeiro de grandes artistas.<\/p>\n\n\n\n<p id=\"viewer-0aqmt137\">Durante seus anos de gl\u00f3ria, o evento se tornou um verdadeiro celeiro de talentos, lan\u00e7ando artistas que conquistaram o cora\u00e7\u00e3o do p\u00fablico e alcan\u00e7aram o estrelato no cen\u00e1rio musical brasileiro. Nomes como Nando Moreno, Diego e Victor Hugo, Carvalho e Mariano, Diogo Le\u00e3o, Neto e Ralf, M\u00f4nica Costa, Guilherme Lopes e muitos outros j\u00e1 se apresentaram nesse projeto vision\u00e1rio, provando que o palco sertanejo \u00e9 mais que um local de apresenta\u00e7\u00f5es: um trampolim para o sucesso.<\/p>\n\n\n\n<p id=\"viewer-cd3xf143\">Com uma agenda mensal repleta de emo\u00e7\u00e3o e m\u00fasica de qualidade, o evento se prop\u00f5e a descobrir e promover novos talentos, oferecendo a oportunidade de artistas emergentes brilharem e mostrarem seu potencial.<\/p>\n\n\n\n<p id=\"viewer-anvig150\">A cada edi\u00e7\u00e3o, o palco se torna o ponto de encontro entre a tradi\u00e7\u00e3o e a inova\u00e7\u00e3o, celebrando a riqueza e a diversidade da m\u00fasica sertaneja.<\/p>\n\n\n\n<p id=\"viewer-7ja9o163\">O retorno desse projeto de sucesso n\u00e3o apenas resgata mem\u00f3rias e emociona os f\u00e3s mais fi\u00e9is, mas tamb\u00e9m abre espa\u00e7o para uma nova gera\u00e7\u00e3o de artistas deixarem sua marca na hist\u00f3ria da m\u00fasica brasileira.<\/p>\n\n\n\n<p id=\"viewer-stum6172\">O legado constru\u00eddo nos anos anteriores serve como inspira\u00e7\u00e3o e motiva\u00e7\u00e3o para os novos talentos, que buscam seguir os passos dos grandes nomes que um dia pisaram nesse palco.<\/p>\n\n\n\n<p id=\"viewer-w67yn182\">Em um momento de renova\u00e7\u00e3o e transforma\u00e7\u00e3o, o retorno do evento de m\u00fasica sertaneja representa n\u00e3o apenas uma celebra\u00e7\u00e3o da tradi\u00e7\u00e3o, mas tamb\u00e9m uma aposta no futuro e no potencial dos artistas locais e regionais.<\/p>\n\n\n\n<p id=\"viewer-5vyua193\">Com o compromisso de revelar novos talentos, o projeto se firma como um marco na ind\u00fastria musical, mostrando que a m\u00fasica sertaneja continua viva e pulsante, crescente e pronta para encantar e emocionar plateias de todas as idades.<\/p>\n\n\n\n<p id=\"viewer-tfnx1205\">O evento marca a volta das quintas sertanejas em Uberl\u00e2ndia e acontece uma vez por m\u00eas no tradicional espa\u00e7o Bildeiras em Uberl\u00e2ndia com entrada gratuita.<\/p>\n\n\n\n<p id=\"viewer-ftlmx218\">Veja como foi a volta da primeira edi\u00e7\u00e3o que aconteceu em junho:<\/p>\n\n\n\n<figure class=\"wp-block-image size-full is-resized\"><img loading=\"lazy\" decoding=\"async\" width=\"673\" height=\"840\" src=\"https:\/\/revistahubclub.com.br\/portal\/wp-content\/uploads\/2024\/12\/Captura-de-tela-2024-12-12-093004.png\" alt=\"\" class=\"wp-image-832\" style=\"width:840px;height:auto\" srcset=\"https:\/\/revistahubclub.com.br\/portal\/wp-content\/uploads\/2024\/12\/Captura-de-tela-2024-12-12-093004.png 673w, https:\/\/revistahubclub.com.br\/portal\/wp-content\/uploads\/2024\/12\/Captura-de-tela-2024-12-12-093004-240x300.png 240w\" sizes=\"auto, (max-width: 673px) 100vw, 673px\" \/><\/figure>\n","protected":false},"excerpt":{"rendered":"<p>O retorno triunfal do palco sertanejo: revelando novos talentos e celebrando a m\u00fasica sertaneja regional C\u00e9lio Cardoso | Fotos Mauro Marques Em um cen\u00e1rio musical marcado pela constante renova\u00e7\u00e3o e<\/p>\n","protected":false},"author":1,"featured_media":833,"comment_status":"open","ping_status":"open","sticky":false,"template":"","format":"standard","meta":{"footnotes":""},"categories":[1],"tags":[],"class_list":["post-831","post","type-post","status-publish","format-standard","has-post-thumbnail","hentry","category-noticias"],"_links":{"self":[{"href":"https:\/\/revistahubclub.com.br\/portal\/wp-json\/wp\/v2\/posts\/831","targetHints":{"allow":["GET"]}}],"collection":[{"href":"https:\/\/revistahubclub.com.br\/portal\/wp-json\/wp\/v2\/posts"}],"about":[{"href":"https:\/\/revistahubclub.com.br\/portal\/wp-json\/wp\/v2\/types\/post"}],"author":[{"embeddable":true,"href":"https:\/\/revistahubclub.com.br\/portal\/wp-json\/wp\/v2\/users\/1"}],"replies":[{"embeddable":true,"href":"https:\/\/revistahubclub.com.br\/portal\/wp-json\/wp\/v2\/comments?post=831"}],"version-history":[{"count":1,"href":"https:\/\/revistahubclub.com.br\/portal\/wp-json\/wp\/v2\/posts\/831\/revisions"}],"predecessor-version":[{"id":834,"href":"https:\/\/revistahubclub.com.br\/portal\/wp-json\/wp\/v2\/posts\/831\/revisions\/834"}],"wp:featuredmedia":[{"embeddable":true,"href":"https:\/\/revistahubclub.com.br\/portal\/wp-json\/wp\/v2\/media\/833"}],"wp:attachment":[{"href":"https:\/\/revistahubclub.com.br\/portal\/wp-json\/wp\/v2\/media?parent=831"}],"wp:term":[{"taxonomy":"category","embeddable":true,"href":"https:\/\/revistahubclub.com.br\/portal\/wp-json\/wp\/v2\/categories?post=831"},{"taxonomy":"post_tag","embeddable":true,"href":"https:\/\/revistahubclub.com.br\/portal\/wp-json\/wp\/v2\/tags?post=831"}],"curies":[{"name":"wp","href":"https:\/\/api.w.org\/{rel}","templated":true}]}}