{"id":8382,"date":"2022-01-07T15:15:00","date_gmt":"2022-01-07T18:15:00","guid":{"rendered":"https:\/\/revistahubclub.com.br\/portal\/?p=8382"},"modified":"2025-01-03T15:15:46","modified_gmt":"2025-01-03T18:15:46","slug":"fundacao-cdl-uberlandia-abre-inscricoes-para-18-novos-cursos-no-primeiro-trimestre","status":"publish","type":"post","link":"https:\/\/revistahubclub.com.br\/portal\/2022\/01\/07\/fundacao-cdl-uberlandia-abre-inscricoes-para-18-novos-cursos-no-primeiro-trimestre\/","title":{"rendered":"Funda\u00e7\u00e3o CDL Uberl\u00e2ndia abre inscri\u00e7\u00f5es para 18 novos cursos no primeiro trimestre"},"content":{"rendered":"\n<p id=\"viewer-4dckd\">O ano de 2022 j\u00e1 come\u00e7ou e a Funda\u00e7\u00e3o CDL Uberl\u00e2ndia j\u00e1 preparou a agenda de cursos para o primeiro trimestre com o objetivo de oferecer capacita\u00e7\u00f5es, trazer mais conhecimento e proporcionar o desenvolvimento a empres\u00e1rios e suas equipes.<\/p>\n\n\n\n<p id=\"viewer-3a3vg\">Os interessados j\u00e1 podem se inscrever para 18 novos cursos presenciais de capacita\u00e7\u00e3o, em diversas \u00e1reas, que ser\u00e3o oferecidos nos meses de janeiro, fevereiro e mar\u00e7o, sempre no per\u00edodo da noite e com carga hor\u00e1ria de 09 a 12 horas.<\/p>\n\n\n\n<p id=\"viewer-c06c2\">Segundo a gerente executiva da Funda\u00e7\u00e3o CDL Uberl\u00e2ndia, B\u00e2nia Vieira Poli, com a pandemia \u00e9 importante estar atento ao que as pessoas est\u00e3o buscando e o que mais t\u00eam d\u00favidas para brir cursos com esses assuntos que eles mais almejam saber. \u201c\u00c9 preciso atender as demandas do mercado de trabalho que vem exigindo cada vez mais profissionais que estejam preparados para se adaptar \u00e0s diversas situa\u00e7\u00f5es do dia a dia de uma empresa com profissionalismo. Temos consultores com expertise em muitas \u00e1reas do conhecimento que est\u00e3o conosco nessa jornada do aprendizado\u201d, destaca.<\/p>\n\n\n\n<p id=\"viewer-98vh4\">Mais informa\u00e7\u00f5es e inscri\u00e7\u00f5es sobre os cursos pelo telefone (34) 3239-3413 ou pelo e-mail <a target=\"_blank\" href=\"mailto:comercial@cdludi.org.br\" rel=\"noreferrer noopener\"><strong>comercial@cdludi.org.br<\/strong><\/a>. Confira a agenda para os tr\u00eas primeiros meses de 2022:<\/p>\n\n\n\n<p id=\"viewer-2kkd8\"><strong><u>Janeiro<\/u><\/strong><\/p>\n\n\n\n<p id=\"viewer-ouj3\"><strong>Design Avan\u00e7ado com o Canva<\/strong> Per\u00edodo: 11 a 13\/01 Hor\u00e1rio: 19h \u00e0s 22h Carga hor\u00e1ria: 09h<\/p>\n\n\n\n<p id=\"viewer-4mljp\"><strong>Atendimento: T\u00e9cnicas para vender e encantar<\/strong> Per\u00edodo: 11 a 13\/01 Hor\u00e1rio: 19h \u00e0s 22h Carga hor\u00e1ria: 09h<\/p>\n\n\n\n<p id=\"viewer-95n4g\"><strong>Mudan\u00e7as Trabalhistas<\/strong> Per\u00edodo:10, 12, 14 e 17\/01 Hor\u00e1rio: 19h \u00e0s 22h Carga hor\u00e1ria: 12h<\/p>\n\n\n\n<p id=\"viewer-6a3pj\"><strong>Excel do b\u00e1sico ao intermedi\u00e1rio<\/strong> Per\u00edodo: 24 a 27\/01 Hor\u00e1rio: 19h \u00e0s 22h Carga hor\u00e1ria: 12h<\/p>\n\n\n\n<p id=\"viewer-8khk9\"><strong>Marketing Digital<\/strong> Per\u00edodo: 25 a 27\/01 Hor\u00e1rio: 19h \u00e0s 22h Carga hor\u00e1ria: 09h<\/p>\n\n\n\n<p id=\"viewer-6q3tb\"><strong>Stories que vende<\/strong> Per\u00edodo: 25 a 27\/01 Hor\u00e1rio: 19h \u00e0s 22h Carga hor\u00e1ria: 09h <strong><u>Fevereiro<\/u><\/strong><\/p>\n\n\n\n<p id=\"viewer-3rk8g\"><strong>Marketing Digital para o mercado de beleza<\/strong> Per\u00edodo: 01 a 03\/02 Hor\u00e1rio: 19h \u00e0s 22h Carga hor\u00e1ria: 09h <strong>Lideran\u00e7a e gest\u00e3o de equipes<\/strong> Per\u00edodo: 01 a 03\/02 Hor\u00e1rio: 19h \u00e0s 22h Carga hor\u00e1ria: 09h<\/p>\n\n\n\n<p id=\"viewer-e9pfa\"><strong>Capacita\u00e7\u00e3o em RH<\/strong> Per\u00edodo: 14 a 17\/02 Hor\u00e1rio: 19h \u00e0s 22h Carga hor\u00e1ria: 12h <strong>Rotinas Administrativas<\/strong> Per\u00edodo: 14 a 17\/02 Hor\u00e1rio: 19h \u00e0s 22h Carga hor\u00e1ria: 12h<\/p>\n\n\n\n<p id=\"viewer-51bht\"><strong>LGPD e suas atualiza\u00e7\u00f5es<\/strong> Per\u00edodo: 14 a 17\/02 Hor\u00e1rio: 19h \u00e0s 22h Carga hor\u00e1ria: 09h<\/p>\n\n\n\n<p id=\"viewer-bg7r2\"><strong>Autoconhecimento e feedback eficaz<\/strong> Per\u00edodo: 15 a 17\/02 Hor\u00e1rio: 19h \u00e0s 22h Carga hor\u00e1ria: 09h<\/p>\n\n\n\n<p id=\"viewer-3mukg\"><strong><u>Mar\u00e7o<\/u><\/strong><\/p>\n\n\n\n<p id=\"viewer-fj833\"><strong>Construa sua marca pessoal no Linkedin<\/strong> Per\u00edodo: 08 a 10\/03 Hor\u00e1rio: 19h \u00e0s 22h Carga hor\u00e1ria: 09h <strong>Inform\u00e1tica b\u00e1sica<\/strong> Per\u00edodo: 07 a 10\/03 Hor\u00e1rio: 19h \u00e0s 22h Carga hor\u00e1ria: 12h<\/p>\n\n\n\n<p id=\"viewer-f5fp6\"><strong>Vendas com atendimento de impacto<\/strong> Per\u00edodo: 08 a 10\/03 Hor\u00e1rio: 19h \u00e0s 22h Carga hor\u00e1ria: 09h <strong>Assistente Financeiro<\/strong> Per\u00edodo: 21 a 24\/03 Hor\u00e1rio: 19h \u00e0s 22h Carga hor\u00e1ria: 12h<\/p>\n\n\n\n<p id=\"viewer-eqh8s\"><strong>Planejamento Estrat\u00e9gico<\/strong> Per\u00edodo: 22 a 24\/03 Hor\u00e1rio: 19h \u00e0s 22h Carga hor\u00e1ria: 09h <strong>Cargos e sal\u00e1rios<\/strong> Per\u00edodo: 21 a 24\/03 Hor\u00e1rio: 19h \u00e0s 22h Carga hor\u00e1ria: 12h.<\/p>\n","protected":false},"excerpt":{"rendered":"<p>O ano de 2022 j\u00e1 come\u00e7ou e a Funda\u00e7\u00e3o CDL Uberl\u00e2ndia j\u00e1 preparou a agenda de cursos para o primeiro trimestre com o objetivo de oferecer capacita\u00e7\u00f5es, trazer mais conhecimento<\/p>\n","protected":false},"author":1,"featured_media":8383,"comment_status":"open","ping_status":"open","sticky":false,"template":"","format":"standard","meta":{"footnotes":""},"categories":[1],"tags":[],"class_list":["post-8382","post","type-post","status-publish","format-standard","has-post-thumbnail","hentry","category-noticias"],"_links":{"self":[{"href":"https:\/\/revistahubclub.com.br\/portal\/wp-json\/wp\/v2\/posts\/8382","targetHints":{"allow":["GET"]}}],"collection":[{"href":"https:\/\/revistahubclub.com.br\/portal\/wp-json\/wp\/v2\/posts"}],"about":[{"href":"https:\/\/revistahubclub.com.br\/portal\/wp-json\/wp\/v2\/types\/post"}],"author":[{"embeddable":true,"href":"https:\/\/revistahubclub.com.br\/portal\/wp-json\/wp\/v2\/users\/1"}],"replies":[{"embeddable":true,"href":"https:\/\/revistahubclub.com.br\/portal\/wp-json\/wp\/v2\/comments?post=8382"}],"version-history":[{"count":1,"href":"https:\/\/revistahubclub.com.br\/portal\/wp-json\/wp\/v2\/posts\/8382\/revisions"}],"predecessor-version":[{"id":8384,"href":"https:\/\/revistahubclub.com.br\/portal\/wp-json\/wp\/v2\/posts\/8382\/revisions\/8384"}],"wp:featuredmedia":[{"embeddable":true,"href":"https:\/\/revistahubclub.com.br\/portal\/wp-json\/wp\/v2\/media\/8383"}],"wp:attachment":[{"href":"https:\/\/revistahubclub.com.br\/portal\/wp-json\/wp\/v2\/media?parent=8382"}],"wp:term":[{"taxonomy":"category","embeddable":true,"href":"https:\/\/revistahubclub.com.br\/portal\/wp-json\/wp\/v2\/categories?post=8382"},{"taxonomy":"post_tag","embeddable":true,"href":"https:\/\/revistahubclub.com.br\/portal\/wp-json\/wp\/v2\/tags?post=8382"}],"curies":[{"name":"wp","href":"https:\/\/api.w.org\/{rel}","templated":true}]}}